{"id":110144,"date":"2022-06-24T00:56:09","date_gmt":"2022-06-24T03:56:09","guid":{"rendered":"http:\/\/vinasfm.com\/noticias\/?p=110144"},"modified":"2022-06-24T10:44:26","modified_gmt":"2022-06-24T13:44:26","slug":"mendoza-contara-con-1-500-para-combatir-la-polilla-de-la-vid","status":"publish","type":"post","link":"https:\/\/vinasfm.com\/noticias\/mendoza-contara-con-1-500-para-combatir-la-polilla-de-la-vid\/","title":{"rendered":"MENDOZA CONTAR\u00c1 CON $1.500 PARA COMBATIR LA POLILLA DE LA VID"},"content":{"rendered":"<h4><span style=\"color: #000000;\"><strong>Tras las gestiones realizadas en Buenos Aires por el ministro de Econom\u00eda y Energ\u00eda, Enrique Vaqui\u00e9, el Gobierno de Mendoza contar\u00e1 con un total de $1.500 millones para avanzar en la lucha contra la Lobesia botrana o polilla de la vid. El dato se confirm\u00f3 tras un encuentro entre el titular de la cartera econ\u00f3mica provincial y Juli\u00e1n Dom\u00ednguez, ministro de Agricultura, Ganader\u00eda y Pesca de la Naci\u00f3n. \u00a0<\/strong><\/span><\/h4>\n<p><span style=\"color: #000000;\">Seg\u00fan adelant\u00f3 el funcionario provincial, ser\u00e1n $665 millones que se sumar\u00e1n a aportes provinciales para contrarrestar el impacto negativo de esta plaga en los cultivos de vid en nuestra provincia. Adem\u00e1s, se comprometieron fondos para fortalecer el Seguro Agr\u00edcola y peque\u00f1as obras h\u00eddricas. \u00a0<\/span><\/p>\n<p><span style=\"color: #000000;\">En detalle, Vaqui\u00e9 ampli\u00f3: \u201c<strong><em>La reuni\u00f3n con el ministro me permiti\u00f3 charlar sobre varios temas que son de suma importancia para los mendocinos. Uno de ellos tuvo que ver con la colaboraci\u00f3n de Naci\u00f3n contra la lucha de la Lobesia. En este sentido, Dom\u00ednguez me hizo entrega de los papeles firmados para un aporte de $665 millones<\/em><\/strong>\u201d. \u00a0<\/span><\/p>\n<p><span style=\"color: #000000;\">Esta cifra, junto al\u00a0<strong>aporte provincial de $835 millones<\/strong>, va a permitir acceder a un programa de lucha de $1.500 millones. Sobre este punto, Vaqui\u00e9 a\u00f1adi\u00f3: \u201c<strong><em>Si bien necesitamos m\u00e1s fondos, con esta cifra vamos a poder combatir esta problem\u00e1tica de una manera significativa<\/em><\/strong>\u201d. \u00a0<\/span><\/p>\n<p><span style=\"color: #000000;\">En otro orden de temas, el funcionario destac\u00f3: \u201c<strong><em>El encuentro nos permiti\u00f3, por otro lado, trabajar en un subsidio nacional que oscila en los\u00a0$150 millones para fortalecer el Seguro Agr\u00edcola. Es un programa que en Mendoza est\u00e1 funcionando muy bien y desde el Gobierno nacional se ha decidido colaborar este a\u00f1o<\/em><\/strong>\u201d. \u00a0<\/span><\/p>\n<p><span style=\"color: #000000;\">Por \u00faltimo, Vaqui\u00e9 adelant\u00f3 que desde el Gobierno nacional entregar\u00e1 un subsidio de 300 millones de pesos que ser\u00e1n destinados a peque\u00f1as obras h\u00eddricas. \u201c<strong><em>Este es un tema en el que estamos trabajando junto al superintendente Sergio Marinelli, para ver qu\u00e9 obras son las que vamos a incluir ah\u00ed. Se trata de obras, en principio, chicas, y el lunes tendremos una reuni\u00f3n para delinear los pasos a seguir en este sentido<\/em><\/strong>\u201d, explic\u00f3. \u00a0<\/span><\/p>\n<p><span style=\"color: #000000;\">Es conocido el impacto que genera sobre la producci\u00f3n vitivin\u00edcola de Mendoza la plaga, afectando la cantidad y calidad de la producci\u00f3n de uvas, mostos y vinos. Compromete adem\u00e1s las fuentes de trabajo de miles de productores y familias que dependen econ\u00f3micamente de la actividad agr\u00edcola y de la industria enol\u00f3gica local. \u00a0<\/span><\/p>\n<p><span style=\"color: #000000;\">El cultivo de la vid representa la principal actividad agr\u00edcola de la provincia, con 151.000 hect\u00e1reas de vi\u00f1edos, y es all\u00ed el principal hospedero de la Lobesia botrana. Adem\u00e1s, existen cultivos de frutales susceptibles al ataque de la polilla de la vid, por lo que evitar la diseminaci\u00f3n del insecto es primordial. \u00a0<\/span><\/p>\n","protected":false},"excerpt":{"rendered":"<p>Tras las gestiones realizadas en Buenos Aires por el ministro de Econom\u00eda y Energ\u00eda, Enrique Vaqui\u00e9, el Gobierno de Mendoza contar\u00e1 &#8230;<\/p>\n","protected":false},"author":8,"featured_media":110145,"comment_status":"open","ping_status":"open","sticky":false,"template":"","format":"standard","meta":{"footnotes":""},"categories":[5,14],"tags":[],"class_list":["post-110144","post","type-post","status-publish","format-standard","has-post-thumbnail","hentry","category-actualidad","category-agro"],"_links":{"self":[{"href":"https:\/\/vinasfm.com\/noticias\/wp-json\/wp\/v2\/posts\/110144","targetHints":{"allow":["GET"]}}],"collection":[{"href":"https:\/\/vinasfm.com\/noticias\/wp-json\/wp\/v2\/posts"}],"about":[{"href":"https:\/\/vinasfm.com\/noticias\/wp-json\/wp\/v2\/types\/post"}],"author":[{"embeddable":true,"href":"https:\/\/vinasfm.com\/noticias\/wp-json\/wp\/v2\/users\/8"}],"replies":[{"embeddable":true,"href":"https:\/\/vinasfm.com\/noticias\/wp-json\/wp\/v2\/comments?post=110144"}],"version-history":[{"count":1,"href":"https:\/\/vinasfm.com\/noticias\/wp-json\/wp\/v2\/posts\/110144\/revisions"}],"predecessor-version":[{"id":110146,"href":"https:\/\/vinasfm.com\/noticias\/wp-json\/wp\/v2\/posts\/110144\/revisions\/110146"}],"wp:featuredmedia":[{"embeddable":true,"href":"https:\/\/vinasfm.com\/noticias\/wp-json\/wp\/v2\/media\/110145"}],"wp:attachment":[{"href":"https:\/\/vinasfm.com\/noticias\/wp-json\/wp\/v2\/media?parent=110144"}],"wp:term":[{"taxonomy":"category","embeddable":true,"href":"https:\/\/vinasfm.com\/noticias\/wp-json\/wp\/v2\/categories?post=110144"},{"taxonomy":"post_tag","embeddable":true,"href":"https:\/\/vinasfm.com\/noticias\/wp-json\/wp\/v2\/tags?post=110144"}],"curies":[{"name":"wp","href":"https:\/\/api.w.org\/{rel}","templated":true}]}}