{"id":110074,"date":"2022-06-23T23:59:11","date_gmt":"2022-06-24T02:59:11","guid":{"rendered":"http:\/\/vinasfm.com\/noticias\/?p=110074"},"modified":"2022-06-24T10:24:13","modified_gmt":"2022-06-24T13:24:13","slug":"las-16-familias-adjudicatarias-del-b-don-valentin-participaron-del-sorteo-de-sus-futuras-viviendas","status":"publish","type":"post","link":"https:\/\/vinasfm.com\/noticias\/las-16-familias-adjudicatarias-del-b-don-valentin-participaron-del-sorteo-de-sus-futuras-viviendas\/","title":{"rendered":"LAS 16 FAMILIAS ADJUDICATARIAS DEL B\u00b0 DON VALENT\u00cdN PARTICIPARON DEL SORTEO DE SUS FUTURAS VIVIENDAS"},"content":{"rendered":"<h4><span style=\"color: #000000;\"><strong>Este mi\u00e9rcoles, en el CIC de Bowen, los 16 vecinos adjudicatarios del Barrio Don Valent\u00edn, participaron del sorteo de las viviendas para que a partir de ahora sepan d\u00f3nde continuar\u00e1n sus vidas y ver el sue\u00f1o de la casa propia muy cerca.<\/strong><\/span><\/h4>\n<p><span style=\"color: #000000;\">&#8216;<strong><em>Acaba de cerrar una etapa muy importante que es el sorteo de las viviendas, muy contenta la gente, las familias. Estamos en la recta final y ya calculamos que la primera semana de agosto este barrio est\u00e9 terminado. Hoy ya pudieron saber cu\u00e1l es la casa que le va a tocar. Es una emoci\u00f3n muy grande llegar y saber que est\u00e1 m\u00e1s cerca la entrega y puedan disfrutar de su casa propia<\/em><\/strong>&#8216;, explic\u00f3 el Director de Viviendas Fabi\u00e1n Gim\u00e9nez.<\/span><\/p>\n<p><span style=\"color: #000000;\">En este sentido el funcionario expres\u00f3: &#8216;<strong><em>Durante todo el proceso ven algo abstracto y no es tangible porque no saben cu\u00e1l es y ahora ya en este momento ya saben. No pueden ingresar al barrio pero pasan por la casa y pueden observar cu\u00e1l va a ser<\/em><\/strong>&#8216;.<\/span><\/p>\n<p><span style=\"color: #000000;\">Consultado sobre el plan de viviendas en el departamento, Gim\u00e9nez indic\u00f3: &#8216;<em><strong>Estamos trabajando mucho con toda la oficina, tambi\u00e9n hay lo que son las ampliaciones de viviendas que se est\u00e1n entregando y de barrios. Tenemos muy cerca la entrega del Malvinas, el Juncalito y el Nevado y estamos con ese proceso de evaluaci\u00f3n social, todo un recorrido que se tiene que hacer para llegar a esta etapa que es la definitoria y el a\u00f1o que viene poder hacer varios sorteos de estos y dar la satisfacci\u00f3n de poder cumplir a las familias el sue\u00f1o de la casa propia<\/strong><\/em>&#8216;.<\/span><\/p>\n","protected":false},"excerpt":{"rendered":"<p>Este mi\u00e9rcoles, en el CIC de Bowen, los 16 vecinos adjudicatarios del Barrio Don Valent\u00edn, participaron del sorteo de las viviendas &#8230;<\/p>\n","protected":false},"author":8,"featured_media":110075,"comment_status":"open","ping_status":"open","sticky":false,"template":"","format":"standard","meta":{"footnotes":""},"categories":[5,10],"tags":[],"class_list":["post-110074","post","type-post","status-publish","format-standard","has-post-thumbnail","hentry","category-actualidad","category-destacadas"],"_links":{"self":[{"href":"https:\/\/vinasfm.com\/noticias\/wp-json\/wp\/v2\/posts\/110074","targetHints":{"allow":["GET"]}}],"collection":[{"href":"https:\/\/vinasfm.com\/noticias\/wp-json\/wp\/v2\/posts"}],"about":[{"href":"https:\/\/vinasfm.com\/noticias\/wp-json\/wp\/v2\/types\/post"}],"author":[{"embeddable":true,"href":"https:\/\/vinasfm.com\/noticias\/wp-json\/wp\/v2\/users\/8"}],"replies":[{"embeddable":true,"href":"https:\/\/vinasfm.com\/noticias\/wp-json\/wp\/v2\/comments?post=110074"}],"version-history":[{"count":3,"href":"https:\/\/vinasfm.com\/noticias\/wp-json\/wp\/v2\/posts\/110074\/revisions"}],"predecessor-version":[{"id":110166,"href":"https:\/\/vinasfm.com\/noticias\/wp-json\/wp\/v2\/posts\/110074\/revisions\/110166"}],"wp:featuredmedia":[{"embeddable":true,"href":"https:\/\/vinasfm.com\/noticias\/wp-json\/wp\/v2\/media\/110075"}],"wp:attachment":[{"href":"https:\/\/vinasfm.com\/noticias\/wp-json\/wp\/v2\/media?parent=110074"}],"wp:term":[{"taxonomy":"category","embeddable":true,"href":"https:\/\/vinasfm.com\/noticias\/wp-json\/wp\/v2\/categories?post=110074"},{"taxonomy":"post_tag","embeddable":true,"href":"https:\/\/vinasfm.com\/noticias\/wp-json\/wp\/v2\/tags?post=110074"}],"curies":[{"name":"wp","href":"https:\/\/api.w.org\/{rel}","templated":true}]}}