{"id":110068,"date":"2022-06-23T23:00:20","date_gmt":"2022-06-24T02:00:20","guid":{"rendered":"http:\/\/vinasfm.com\/noticias\/?p=110068"},"modified":"2022-06-24T10:27:48","modified_gmt":"2022-06-24T13:27:48","slug":"los-domignos-se-vestiran-de-fiesta-con-tardecitas-de-mercado-en-nuestra-ciudad","status":"publish","type":"post","link":"https:\/\/vinasfm.com\/noticias\/los-domignos-se-vestiran-de-fiesta-con-tardecitas-de-mercado-en-nuestra-ciudad\/","title":{"rendered":"TARDECITAS DE MERCADO SE RENUEVA CON M\u00daLTIPLES ACTIVIDADES PARA ESTE FIN DE SEMANA"},"content":{"rendered":"<h4><span style=\"color: #000000;\"><strong>Los d\u00edas domingos el Mercado Municipal abre sus puertas con &#8216;Tardecitas de Mercado&#8217; y se viste de fiesta de 16 a 20h, a los artesanos, artistas y vecinos de nuestro departamento puedan compartir en familia una agradable tarde en estas vacaciones de invierno.<\/strong><\/span><\/h4>\n<p><span style=\"color: #000000;\">Las tardecitas de mercados se han convertido en un cl\u00e1sico en nuestra ciudad para compartir una tarde en familia, con buena m\u00fasica, artesanos locales y un mate de por medio, comenzaron los d\u00edas s\u00e1bados pero se traslado a los domingos para que todos puedan disfrutar de esta propuesta.\u00a0<\/span><\/p>\n<p><span style=\"color: #000000;\">En di\u00e1logo con <strong>F.M. VI\u00d1AS<\/strong>, <strong>Valeria Mart\u00ednez<\/strong>\u00a0<strong>Coordinadora del \u00c1rea de Econom\u00eda Social <\/strong>expres\u00f3:<strong><em> &#8216;Creemos que es importante que podamos ofrecerle al turista pero principalmente a los alvearenses un espacio para disfrutar y poder pasar un lindo invierno&#8217;.<\/em><\/strong> Se abrir\u00e1n sus puertas a las 16h y se podr\u00e1 disfrutar hasta las 20h con m\u00fasica, artistas y los artesanos ofreciendo sus productos, est\u00e9 domingo se har\u00e1 presente Kratevas y la Carpa Verde con una obra de teatro para toda la familia.\u00a0\u00a0<\/span><\/p>\n<p><span style=\"color: #000000;\"><em><strong>&#8216;Hemos pedido a cultura que nos colabore con la banda y a la gente le encanta, hay que ponerla en valor y todos sabemos los que nos significa la banda y el ballet municipal&#8217;<\/strong><\/em>, subray\u00f3.\u00a0 Todos los fines de semana se podr\u00e1 disfrutar de los artesanos y diferentes propuestas que se han pensado hasta el 31 de julio que se ir\u00e1n dando a conocer con el paso del tiempo.\u00a0<\/span><\/p>\n<p><span style=\"color: #000000;\">El cambio de d\u00eda ha sido un beneficio para que todas las familias puedan disfrutar y ver el trabajo que realizan los artesanos de nuestro departamento.<strong><em> &#8216;Ellos est\u00e1n contentos, ellos pidieron poder quedarse y vamos a empezar a salir a los distritos e hicimos un cambio y vamos a quedarnos en el mercado los fines de semanas largos esta dando resultado&#8217;<\/em><\/strong>, remarc\u00f3 para finalizar.<\/span><\/p>\n<p><span style=\"color: #000000;\">\u2022C.F.<\/span><\/p>\n<p>&nbsp;<\/p>\n","protected":false},"excerpt":{"rendered":"<p>Los d\u00edas domingos el Mercado Municipal abre sus puertas con &#8216;Tardecitas de Mercado&#8217; y se viste de fiesta de 16 a &#8230;<\/p>\n","protected":false},"author":7,"featured_media":109809,"comment_status":"open","ping_status":"open","sticky":false,"template":"","format":"standard","meta":{"footnotes":""},"categories":[5,10],"tags":[],"class_list":["post-110068","post","type-post","status-publish","format-standard","has-post-thumbnail","hentry","category-actualidad","category-destacadas"],"_links":{"self":[{"href":"https:\/\/vinasfm.com\/noticias\/wp-json\/wp\/v2\/posts\/110068","targetHints":{"allow":["GET"]}}],"collection":[{"href":"https:\/\/vinasfm.com\/noticias\/wp-json\/wp\/v2\/posts"}],"about":[{"href":"https:\/\/vinasfm.com\/noticias\/wp-json\/wp\/v2\/types\/post"}],"author":[{"embeddable":true,"href":"https:\/\/vinasfm.com\/noticias\/wp-json\/wp\/v2\/users\/7"}],"replies":[{"embeddable":true,"href":"https:\/\/vinasfm.com\/noticias\/wp-json\/wp\/v2\/comments?post=110068"}],"version-history":[{"count":7,"href":"https:\/\/vinasfm.com\/noticias\/wp-json\/wp\/v2\/posts\/110068\/revisions"}],"predecessor-version":[{"id":110097,"href":"https:\/\/vinasfm.com\/noticias\/wp-json\/wp\/v2\/posts\/110068\/revisions\/110097"}],"wp:featuredmedia":[{"embeddable":true,"href":"https:\/\/vinasfm.com\/noticias\/wp-json\/wp\/v2\/media\/109809"}],"wp:attachment":[{"href":"https:\/\/vinasfm.com\/noticias\/wp-json\/wp\/v2\/media?parent=110068"}],"wp:term":[{"taxonomy":"category","embeddable":true,"href":"https:\/\/vinasfm.com\/noticias\/wp-json\/wp\/v2\/categories?post=110068"},{"taxonomy":"post_tag","embeddable":true,"href":"https:\/\/vinasfm.com\/noticias\/wp-json\/wp\/v2\/tags?post=110068"}],"curies":[{"name":"wp","href":"https:\/\/api.w.org\/{rel}","templated":true}]}}