{"id":110057,"date":"2022-06-23T09:02:55","date_gmt":"2022-06-23T12:02:55","guid":{"rendered":"http:\/\/vinasfm.com\/noticias\/?p=110057"},"modified":"2022-06-24T10:34:58","modified_gmt":"2022-06-24T13:34:58","slug":"se-restringio-el-expendio-de-gas-en-las-estaciones-para-garantizar-la-provision-domiciliaria","status":"publish","type":"post","link":"https:\/\/vinasfm.com\/noticias\/se-restringio-el-expendio-de-gas-en-las-estaciones-para-garantizar-la-provision-domiciliaria\/","title":{"rendered":"SE RESTRINGI\u00d3 EL EXPENDIO DE GNC EN LAS ESTACIONES PARA GARANTIZAR LA PROVISI\u00d3N DOMICILIARIA"},"content":{"rendered":"<h4><span style=\"color: #000000;\"><strong>A dos d\u00edas del comienzo del invierno, y al no haberse realizado las obras pertinentes para brindar una mayor provisi\u00f3n de gas, la falta de suministro hizo que la empresa ECOGAS determinara con criterio, darle prioridad a calefaccionar a las familias por la ola de intenso fr\u00edo reinante que al llenado de los tubos en veh\u00edculos para movilizarse, y como todos los a\u00f1os la situaci\u00f3n mejorar\u00e1 reci\u00e9n cuando suba la temperatura y, en consecuencia, la demanda de gas en los domicilios retome los valores normales.<\/strong><\/span><\/h4>\n<p><span style=\"color: #000000;\">Al respecto Ariel Russo, delegado de la Asociaci\u00f3n Mendocina de Estaciones Expendedores de Naftas y Afines (AMENA) dijo a <em>Diario San Rafael<\/em> que \u201c<strong><em>e<\/em><em>sto es debido a las condiciones clim\u00e1ticas, y para poder atender el consumo domiciliario que es la prioridad. Esta informaci\u00f3n viene de un comunicado de ECOGAS que es el proveedor de las estaciones de servicio<\/em><\/strong>\u201d.<\/span><\/p>\n<p><span style=\"color: #000000;\">A\u00f1adi\u00f3 que \u201c<strong><em>el flujo de gas no es el suficiente y la prioridad es el domiciliario. Lamentablemente para el usuario de GNC es preocupante, si entendemos la situaci\u00f3n que estamos atravesando con el gasoil que complica m\u00e1s la realidad. Sin gasoil y sin GNC es imposible trabajar. Esto obviamente repercute y genera una situaci\u00f3n absolutamente cr\u00edtica en las estaciones de servicio, porque no tenemos qu\u00e9 vender. M\u00e1s a\u00fan, teniendo en cuenta que el invierno reci\u00e9n empieza lo que genera un panorama no muy promisorio. Estos cortes creo que los hacen a prop\u00f3sito, porque si avisan 6 horas antes generar\u00eda m\u00e1s demanda. Nos avisan minutos antes y esto nos perjudica a todos<\/em><\/strong>\u201d, resalt\u00f3 Russo.<\/span><\/p>\n<p><span style=\"color: #000000;\">El empresario sostuvo: \u201c<strong><em>Recordemos que ECOGAS tiene el poder de polic\u00eda y nos obligan a cortar, caso contrario nos arriesgamos a recibir una multa grave que implica hasta la baja del permiso y hasta que nos saquen el medidor. Ahora, estamos supeditados a las condiciones clim\u00e1ticas. Aunque el problema de fondo es que no se hicieron las obras que deb\u00edan hacerse para cumplir con todo, y ahora no queda otra que atender \u2018una s\u00e1bana corta\u2019 que no le alcanza a nadie. Primero, recortaron a la industria, luego a nosotros, todo para asistir a los domiciliarios, que obviamente es prioritario<\/em><\/strong>\u201d.<\/span><\/p>\n<p><span style=\"color: #000000;\">Para concluir, Russo resalt\u00f3 que \u201c<strong><em>cortarles a las estaciones de servicio es todo un tema, ya que tampoco tenemos gasoil para vender y por ello la psicosis que esto genera en la gente. Nos queda todo el invierno por delante y solo nos resta esperar que no sea un invierno muy crudo<\/em><\/strong>\u201d, remarc\u00f3.<\/span><\/p>\n","protected":false},"excerpt":{"rendered":"<p>A dos d\u00edas del comienzo del invierno, y al no haberse realizado las obras pertinentes para brindar una mayor provisi\u00f3n de &#8230;<\/p>\n","protected":false},"author":8,"featured_media":110059,"comment_status":"open","ping_status":"open","sticky":false,"template":"","format":"standard","meta":{"footnotes":""},"categories":[5,10],"tags":[],"class_list":["post-110057","post","type-post","status-publish","format-standard","has-post-thumbnail","hentry","category-actualidad","category-destacadas"],"_links":{"self":[{"href":"https:\/\/vinasfm.com\/noticias\/wp-json\/wp\/v2\/posts\/110057","targetHints":{"allow":["GET"]}}],"collection":[{"href":"https:\/\/vinasfm.com\/noticias\/wp-json\/wp\/v2\/posts"}],"about":[{"href":"https:\/\/vinasfm.com\/noticias\/wp-json\/wp\/v2\/types\/post"}],"author":[{"embeddable":true,"href":"https:\/\/vinasfm.com\/noticias\/wp-json\/wp\/v2\/users\/8"}],"replies":[{"embeddable":true,"href":"https:\/\/vinasfm.com\/noticias\/wp-json\/wp\/v2\/comments?post=110057"}],"version-history":[{"count":3,"href":"https:\/\/vinasfm.com\/noticias\/wp-json\/wp\/v2\/posts\/110057\/revisions"}],"predecessor-version":[{"id":110175,"href":"https:\/\/vinasfm.com\/noticias\/wp-json\/wp\/v2\/posts\/110057\/revisions\/110175"}],"wp:featuredmedia":[{"embeddable":true,"href":"https:\/\/vinasfm.com\/noticias\/wp-json\/wp\/v2\/media\/110059"}],"wp:attachment":[{"href":"https:\/\/vinasfm.com\/noticias\/wp-json\/wp\/v2\/media?parent=110057"}],"wp:term":[{"taxonomy":"category","embeddable":true,"href":"https:\/\/vinasfm.com\/noticias\/wp-json\/wp\/v2\/categories?post=110057"},{"taxonomy":"post_tag","embeddable":true,"href":"https:\/\/vinasfm.com\/noticias\/wp-json\/wp\/v2\/tags?post=110057"}],"curies":[{"name":"wp","href":"https:\/\/api.w.org\/{rel}","templated":true}]}}