{"id":110056,"date":"2022-06-23T22:59:48","date_gmt":"2022-06-24T01:59:48","guid":{"rendered":"http:\/\/vinasfm.com\/noticias\/?p=110056"},"modified":"2022-06-24T10:27:37","modified_gmt":"2022-06-24T13:27:37","slug":"la-directora-de-cultura-liana-piedrafita-adelanto-la-agenda-cultura-de-este-fin-de-semana-para-general-alvear","status":"publish","type":"post","link":"https:\/\/vinasfm.com\/noticias\/la-directora-de-cultura-liana-piedrafita-adelanto-la-agenda-cultura-de-este-fin-de-semana-para-general-alvear\/","title":{"rendered":"CONOC\u00c9 LA AGENDA CULTURAL PROYECTADA PARA ESTE FIN DE SEMANA"},"content":{"rendered":"<h4><span style=\"color: #000000;\"><strong>En la \u00faltima semana de junio General Alvear se prepara para una cargada agenda cultural detallada por la directora de cultura Liana Piedrafrita.<\/strong><\/span><\/h4>\n<p><span style=\"color: #000000;\">La directora de Cultura Liana Piedrafrita en dialogo con<strong> F.M VI\u00d1AS<\/strong> nos adelanto lo que viene para la semana en la agenda cultura <strong>\u00abPara ma\u00f1ana viernes 24 de junio se espera la llegada de un humorista patag\u00f3nico con su obra titulada Buena Petroca, ya hay muchas entradas vendidas pero a\u00fan quedan por si quieren acercarse\u00bb<\/strong> Por otra parte destac\u00f3 la excelente actividad que obtuvo el cine con un estreno en simultaneo <strong>\u00abFue \u00e9xito la pel\u00edcula de la semana pasada LightYear, es una producci\u00f3n de Disney y esta semana se volver\u00e1 a presentar en cartelera, tambi\u00e9n despu\u00e9s de las 21 para los amantes de las pel\u00edculas de terror se presenta Tel\u00e9fono Negro\u00bb<\/strong> a\u00f1adi\u00f3 acerca del cine.<\/span><\/p>\n<p><span style=\"color: #000000;\">Adem\u00e1s el lunes pasado hubieron dos eventos sumamente interesantes, por un lado se present\u00f3 el libro \u00ab<strong><em>Igualdad real de las Mujeres<\/em><\/strong>\u00bb de la mano de Leonor Benedetto junto a Gabriela Boquin y Patricia Fern\u00e1ndez Andreani y por otro lado Leonor present\u00f3 su obra \u00abAtentamente\u00bb con un gran p\u00fablico que presencio su arte de tal modo que Liana expres\u00f3 lo que se vivi\u00f3 el lunes por la noche <strong>\u00abSin dudas una excelente obra, pero lo que mas destaco fue el respeto que tuvo el p\u00fablico, la calidez y la educaci\u00f3n, fue un placer lo que vivimos\u00bb\u00a0<\/strong>flamantes obras presentadas en nuestro departamento.<\/span><\/p>\n<p><span style=\"color: #000000;\">L.L.<\/span><\/p>\n","protected":false},"excerpt":{"rendered":"<p>En la \u00faltima semana de junio General Alvear se prepara para una cargada agenda cultural detallada por la directora de cultura &#8230;<\/p>\n","protected":false},"author":7,"featured_media":39800,"comment_status":"open","ping_status":"open","sticky":false,"template":"","format":"standard","meta":{"footnotes":""},"categories":[5,19],"tags":[],"class_list":["post-110056","post","type-post","status-publish","format-standard","has-post-thumbnail","hentry","category-actualidad","category-cultura"],"_links":{"self":[{"href":"https:\/\/vinasfm.com\/noticias\/wp-json\/wp\/v2\/posts\/110056","targetHints":{"allow":["GET"]}}],"collection":[{"href":"https:\/\/vinasfm.com\/noticias\/wp-json\/wp\/v2\/posts"}],"about":[{"href":"https:\/\/vinasfm.com\/noticias\/wp-json\/wp\/v2\/types\/post"}],"author":[{"embeddable":true,"href":"https:\/\/vinasfm.com\/noticias\/wp-json\/wp\/v2\/users\/7"}],"replies":[{"embeddable":true,"href":"https:\/\/vinasfm.com\/noticias\/wp-json\/wp\/v2\/comments?post=110056"}],"version-history":[{"count":3,"href":"https:\/\/vinasfm.com\/noticias\/wp-json\/wp\/v2\/posts\/110056\/revisions"}],"predecessor-version":[{"id":110081,"href":"https:\/\/vinasfm.com\/noticias\/wp-json\/wp\/v2\/posts\/110056\/revisions\/110081"}],"wp:featuredmedia":[{"embeddable":true,"href":"https:\/\/vinasfm.com\/noticias\/wp-json\/wp\/v2\/media\/39800"}],"wp:attachment":[{"href":"https:\/\/vinasfm.com\/noticias\/wp-json\/wp\/v2\/media?parent=110056"}],"wp:term":[{"taxonomy":"category","embeddable":true,"href":"https:\/\/vinasfm.com\/noticias\/wp-json\/wp\/v2\/categories?post=110056"},{"taxonomy":"post_tag","embeddable":true,"href":"https:\/\/vinasfm.com\/noticias\/wp-json\/wp\/v2\/tags?post=110056"}],"curies":[{"name":"wp","href":"https:\/\/api.w.org\/{rel}","templated":true}]}}