{"id":110048,"date":"2022-06-22T12:18:32","date_gmt":"2022-06-22T15:18:32","guid":{"rendered":"http:\/\/vinasfm.com\/noticias\/?p=110048"},"modified":"2022-06-22T12:18:32","modified_gmt":"2022-06-22T15:18:32","slug":"fuertes-nevadas-y-hielo-en-la-calzada-este-es-el-estado-de-las-rutas-del-sur-mendocino","status":"publish","type":"post","link":"https:\/\/vinasfm.com\/noticias\/fuertes-nevadas-y-hielo-en-la-calzada-este-es-el-estado-de-las-rutas-del-sur-mendocino\/","title":{"rendered":"FUERTES NEVADAS Y HIELO EN LA CALZADA: ESTE ES EL ESTADO DE LAS RUTAS DEL SUR MENDOCINO"},"content":{"rendered":"<h4 class=\"note__epigraph\"><span style=\"color: #000000;\">La Direcci\u00f3n Provincial de Vialidad dio a conocer un informe con la situaci\u00f3n de los caminos. Por las malas condiciones meteorol\u00f3gicas se recomienda el uso obligatorio de cadenas en zonas monta\u00f1osas.<\/span><\/h4>\n<p><span style=\"color: #000000;\">Debido a la situaci\u00f3n meteorol\u00f3gica actual, desde la <strong>Direcci\u00f3n Provincial de\u00a0Vialidad<\/strong>\u00a0dieron a conocer un reporte actualizado sobre el estado de las <strong>rutas ubicadas en el Sur mendocino<\/strong> y la situaci\u00f3n de transitabilidad de las mismas.<\/span><\/p>\n<p><span style=\"color: #000000;\">Por las malas condiciones meteorol\u00f3gicas y la ca\u00edda de nieve, las autoridades recomiendan circular con precauci\u00f3n por la zona de alta monta\u00f1a y\u00a0<strong>utilizar cadenas de manera obligatoria.<\/strong><\/span><\/p>\n<p><span style=\"color: #000000;\">Desde el <strong>Municipio de Malarg\u00fce compartieron la advertencia de Defensa Civil<\/strong>, quienes comunicaron que la <strong>ruta 40 desde la ruta 186 pasando Chihuido<\/strong> est\u00e1 transitable, pero piden <strong>\u00abextrema precauci\u00f3n\u00bb<\/strong> por<strong> \u00abpresencia de hielo y nieve en la calzada\u00bb.<\/strong><\/span><\/p>\n<h4><span style=\"color: #000000;\"><strong>Para tener en cuenta<\/strong><\/span><\/h4>\n<p><span style=\"color: #000000;\"><strong>Ruta Nacional 40:<\/strong><\/span><\/p>\n<ul>\n<li><span style=\"color: #000000;\">Tramo l\u00edmite interprovincial Neuqu\u00e9n-Mendoza hasta Bardas Blancas se encuentra transitable. Se recomienda circular con precauci\u00f3n.<\/span><\/li>\n<li><span style=\"color: #000000;\">Tramo Bardas Blancas-Ciudad de Malarg\u00fce: est\u00e1 transitable, circular con extrema precauci\u00f3n.<\/span><\/li>\n<li><span style=\"color: #000000;\">Tramo Ciudad de Malarg\u00fce &#8211; El Sosneado: Transitable, con precauci\u00f3n.<\/span><\/li>\n<li><span style=\"color: #000000;\">Tramo El Sosneado-Pareditas: Transitable con precauci\u00f3n.<\/span><\/li>\n<\/ul>\n<p><span style=\"color: #000000;\"><strong>Ruta Internacional 145:<\/strong><\/span><\/p>\n<ul>\n<li><span style=\"color: #000000;\">Tramo Bardas Blancas Las Loicas: transitable con precauci\u00f3n.<\/span><\/li>\n<li><span style=\"color: #000000;\">Tramo Las Loicas Paso Internacional Pehuenche: transitable,\u00a0con precauci\u00f3n.<\/span><\/li>\n<li><span style=\"color: #000000;\">Paso Internacional Pehuenche: Habilitado. Transitable para todas las categor\u00edas migratorias, cumplimiento con las medidas de seguridad y requisitos establecidos por los gobiernos. Contin\u00faa la habilitaci\u00f3n para el transporte de cargas( Lastre, cargas selladas y peligrosas). El horario de atenci\u00f3n es de 9 a 18 (lado argentino).<\/span><\/li>\n<\/ul>\n<p><span style=\"color: #000000;\"><strong>Ruta Nacional 188:<\/strong><\/span><\/p>\n<ul>\n<li><span style=\"color: #000000;\">Tramo Malarg\u00fce-General Alvear: transitable con precauci\u00f3n.<\/span><\/li>\n<li><span style=\"color: #000000;\">Tramo General Alvear &#8211; San Luis: transitable con precauci\u00f3n.<\/span><\/li>\n<\/ul>\n<p><span style=\"color: #000000;\"><strong>Ruta Nacional 144:<\/strong><\/span><\/p>\n<ul>\n<li><span style=\"color: #000000;\">Tramo San Rafael-Las Salinas: transitable con precauci\u00f3n.<\/span><\/li>\n<li><span style=\"color: #000000;\">Tramo Las Salinas-Empalme Ruta Nacional 40 (El Sosneado): transitable con precauci\u00f3n.<\/span><\/li>\n<\/ul>\n<p><span style=\"color: #000000;\"><strong>Ruta Nacional 143:<\/strong><\/span><\/p>\n<ul>\n<li><span style=\"color: #000000;\">Tramo San Rafael-Pareditas: transitable con precauci\u00f3n.<\/span><\/li>\n<li><span style=\"color: #000000;\">Tramo San Rafael-Carmenza: transitable con precauci\u00f3n.<\/span><\/li>\n<li><span style=\"color: #000000;\">Tramo Carmenza-L\u00edmite La Pampa: transitable con precauci\u00f3n.<\/span><\/li>\n<\/ul>\n<p><span style=\"color: #000000;\"><strong>Ruta Nacional\u00a0146:<\/strong><\/span><\/p>\n<ul>\n<li><span style=\"color: #000000;\">Tramo San Rafael-Monte Com\u00e1n: transitable con precauci\u00f3n.<\/span><\/li>\n<li><span style=\"color: #000000;\">Tramo Monte Com\u00e1n-San Luis: transitable con precauci\u00f3n.<\/span><\/li>\n<\/ul>\n<p><span style=\"color: #000000;\"><strong>Ruta provincial 222:<\/strong>\u00a0Transitable con precauci\u00f3n.<\/span><\/p>\n<ul>\n<li><span style=\"color: #000000;\">Tramo del complejo tur\u00edstico Las Le\u00f1as &#8211; Laguna Valle Hermoso: intransitable.<\/span><\/li>\n<\/ul>\n<p><span style=\"color: #000000;\">Desde la Direcci\u00f3n Nacional de Vialidad informan que se exige la portaci\u00f3n obligatoria de cadenas para circular en zonas de alta monta\u00f1a.<\/span><\/p>\n<p><span style=\"color: #000000;\">Ante cualquier inconveniente, los usuarios pueden comunicarse al <strong>0800-2226-272, de lunes a viernes de 9 a 18.<\/strong><\/span><\/p>\n","protected":false},"excerpt":{"rendered":"<p>La Direcci\u00f3n Provincial de Vialidad dio a conocer un informe con la situaci\u00f3n de los caminos. Por las malas condiciones meteorol\u00f3gicas &#8230;<\/p>\n","protected":false},"author":7,"featured_media":92539,"comment_status":"open","ping_status":"open","sticky":false,"template":"","format":"standard","meta":{"footnotes":""},"categories":[5,66],"tags":[],"class_list":["post-110048","post","type-post","status-publish","format-standard","has-post-thumbnail","hentry","category-actualidad","category-transporte"],"_links":{"self":[{"href":"https:\/\/vinasfm.com\/noticias\/wp-json\/wp\/v2\/posts\/110048","targetHints":{"allow":["GET"]}}],"collection":[{"href":"https:\/\/vinasfm.com\/noticias\/wp-json\/wp\/v2\/posts"}],"about":[{"href":"https:\/\/vinasfm.com\/noticias\/wp-json\/wp\/v2\/types\/post"}],"author":[{"embeddable":true,"href":"https:\/\/vinasfm.com\/noticias\/wp-json\/wp\/v2\/users\/7"}],"replies":[{"embeddable":true,"href":"https:\/\/vinasfm.com\/noticias\/wp-json\/wp\/v2\/comments?post=110048"}],"version-history":[{"count":1,"href":"https:\/\/vinasfm.com\/noticias\/wp-json\/wp\/v2\/posts\/110048\/revisions"}],"predecessor-version":[{"id":110049,"href":"https:\/\/vinasfm.com\/noticias\/wp-json\/wp\/v2\/posts\/110048\/revisions\/110049"}],"wp:featuredmedia":[{"embeddable":true,"href":"https:\/\/vinasfm.com\/noticias\/wp-json\/wp\/v2\/media\/92539"}],"wp:attachment":[{"href":"https:\/\/vinasfm.com\/noticias\/wp-json\/wp\/v2\/media?parent=110048"}],"wp:term":[{"taxonomy":"category","embeddable":true,"href":"https:\/\/vinasfm.com\/noticias\/wp-json\/wp\/v2\/categories?post=110048"},{"taxonomy":"post_tag","embeddable":true,"href":"https:\/\/vinasfm.com\/noticias\/wp-json\/wp\/v2\/tags?post=110048"}],"curies":[{"name":"wp","href":"https:\/\/api.w.org\/{rel}","templated":true}]}}