{"id":110033,"date":"2022-06-22T10:31:44","date_gmt":"2022-06-22T13:31:44","guid":{"rendered":"http:\/\/vinasfm.com\/noticias\/?p=110033"},"modified":"2022-06-22T10:51:12","modified_gmt":"2022-06-22T13:51:12","slug":"bajo-la-modalidad-escruche-robaron-una-maquina-sulfatadora-en-ruta-143","status":"publish","type":"post","link":"https:\/\/vinasfm.com\/noticias\/bajo-la-modalidad-escruche-robaron-una-maquina-sulfatadora-en-ruta-143\/","title":{"rendered":"BAJO LA MODALIDAD &#8216;ESCRUCHE&#8217;, ROBARON UNA M\u00c1QUINA SULFATADORA EN RUTA 143"},"content":{"rendered":"<h4><span style=\"color: #000000;\"><strong>El pasado fin de semana largo, delincuentes aprovecharon la ausencia del due\u00f1o de una propiedad ubicada en Ruta 143, entre Presidente Ill\u00eda y Centenario,\u00a0 para apoderarse de una m\u00e1quina sulfatadora. La v\u00edctima ofrece recompensa para recuperarla.<\/strong><\/span><\/h4>\n<p><span style=\"color: #000000;\">El <strong>Subcomisario Jos\u00e9 L\u00f3pez<\/strong> se\u00f1al\u00f3 que este martes un vecino del lugar denunci\u00f3 que <strong>cerca de las 17:50hs estuvo verificando dicha propiedad<\/strong>, cuyo due\u00f1o est\u00e1 en San Rafael, y constat\u00f3 que <strong>estaba la tranquera abierta, el candado forzado<\/strong> y del patio trasero de la vivienda faltaba <strong>UNA M\u00c1QUINA SULFATADORA MARCA PEHUENCHE<\/strong>, que estaba en desuso.<\/span><\/p>\n<p><span style=\"color: #000000;\">Bajo instrucci\u00f3n de la Unidad Fiscal de Comisar\u00eda 14\u00b0 se labraron actuaciones en &#8216;<strong><em>Averiguaci\u00f3n Robo<\/em><\/strong>&#8216;.<\/span><\/p>\n<p><span style=\"color: #000000;\">En sus redes sociales el propietario public\u00f3: &#8216;<em>Lamentablemente anoche 21\/06\/22 los amigos de lo ajeno volvieron a actuar robando de una propiedad en Ruta 143 entre Pte. Arturo Illia y calle Centenario de General Alvear la m\u00e1quina pulverizadora de 1.000 litros marca Pehuenche&#8230;Gratificaremos cualquier dato o informaci\u00f3n acerca de la misma, y solicitamos por favor colabore compartiendo, gracias!<\/em>&#8216;. (SIC)<\/span><\/p>\n<p><span style=\"color: #000000;\">Asimismo puso a disposici\u00f3n dos n\u00fameros telef\u00f3nicos para que aquel que sepa sobre el paradero del elemento sustra\u00eddo se comunique al <strong>2625 410083<\/strong> o al <strong>2625 434923<\/strong>.<\/span><\/p>\n","protected":false},"excerpt":{"rendered":"<p>El pasado fin de semana largo, delincuentes aprovecharon la ausencia del due\u00f1o de una propiedad ubicada en Ruta 143, entre Presidente &#8230;<\/p>\n","protected":false},"author":8,"featured_media":110034,"comment_status":"open","ping_status":"open","sticky":false,"template":"","format":"standard","meta":{"footnotes":""},"categories":[5,4],"tags":[],"class_list":["post-110033","post","type-post","status-publish","format-standard","has-post-thumbnail","hentry","category-actualidad","category-policiales"],"_links":{"self":[{"href":"https:\/\/vinasfm.com\/noticias\/wp-json\/wp\/v2\/posts\/110033","targetHints":{"allow":["GET"]}}],"collection":[{"href":"https:\/\/vinasfm.com\/noticias\/wp-json\/wp\/v2\/posts"}],"about":[{"href":"https:\/\/vinasfm.com\/noticias\/wp-json\/wp\/v2\/types\/post"}],"author":[{"embeddable":true,"href":"https:\/\/vinasfm.com\/noticias\/wp-json\/wp\/v2\/users\/8"}],"replies":[{"embeddable":true,"href":"https:\/\/vinasfm.com\/noticias\/wp-json\/wp\/v2\/comments?post=110033"}],"version-history":[{"count":3,"href":"https:\/\/vinasfm.com\/noticias\/wp-json\/wp\/v2\/posts\/110033\/revisions"}],"predecessor-version":[{"id":110039,"href":"https:\/\/vinasfm.com\/noticias\/wp-json\/wp\/v2\/posts\/110033\/revisions\/110039"}],"wp:featuredmedia":[{"embeddable":true,"href":"https:\/\/vinasfm.com\/noticias\/wp-json\/wp\/v2\/media\/110034"}],"wp:attachment":[{"href":"https:\/\/vinasfm.com\/noticias\/wp-json\/wp\/v2\/media?parent=110033"}],"wp:term":[{"taxonomy":"category","embeddable":true,"href":"https:\/\/vinasfm.com\/noticias\/wp-json\/wp\/v2\/categories?post=110033"},{"taxonomy":"post_tag","embeddable":true,"href":"https:\/\/vinasfm.com\/noticias\/wp-json\/wp\/v2\/tags?post=110033"}],"curies":[{"name":"wp","href":"https:\/\/api.w.org\/{rel}","templated":true}]}}