{"id":110016,"date":"2022-06-22T00:14:56","date_gmt":"2022-06-22T03:14:56","guid":{"rendered":"http:\/\/vinasfm.com\/noticias\/?p=110016"},"modified":"2022-06-22T10:50:30","modified_gmt":"2022-06-22T13:50:30","slug":"paritarias-el-gobierno-adelanta-a-julio-el-5-de-aumento-previsto-para-noviembre","status":"publish","type":"post","link":"https:\/\/vinasfm.com\/noticias\/paritarias-el-gobierno-adelanta-a-julio-el-5-de-aumento-previsto-para-noviembre\/","title":{"rendered":"PARITARIAS: EL GOBIERNO ADELANTA A JULIO EL 5% DE AUMENTO PREVISTO PARA NOVIEMBRE"},"content":{"rendered":"<p><span style=\"color: #000000;\">A ra\u00edz de la compleja situaci\u00f3n financiera que atraviesa el pa\u00eds y de la alta inflaci\u00f3n que acarrea la crisis econ\u00f3mica nacional, el Gobierno de Mendoza tom\u00f3 la decisi\u00f3n de adelantar a julio la franja de aumento de 5% prevista para noviembre. Adem\u00e1s, el Ejecutivo anunci\u00f3 que adelantar\u00e1 la realizaci\u00f3n del llamado de la convocatoria a paritarias para la \u00faltima semana de julio.<\/span><\/p>\n<p><span style=\"color: #000000;\">En marzo de este a\u00f1o, el Gobierno logr\u00f3 un acuerdo salarial hist\u00f3rico con los gremios. Despu\u00e9s de varios a\u00f1os sin poder acordar con todos los sectores de la Administraci\u00f3n P\u00fablica, la Provincia consigui\u00f3 un incremento salarial para el personal de los gremios mayoritarios: ATE y SUTE.\u00a0El incremento benefici\u00f3 al personal de Administraci\u00f3n Central, R\u00e9gimen 15, Guardaparques, Vialidad, Tesorer\u00eda, Contadur\u00eda, Fiscal\u00eda de Estado, Docentes y Celadores.<\/span><\/p>\n<p><span style=\"color: #000000;\">Adem\u00e1s, los gremios se llevaron el compromiso del Ejecutivo de la realizaci\u00f3n de una mesa de revisi\u00f3n salarial en septiembre de 2022. Sin embargo, atento a la galopante crisis econ\u00f3mica del pa\u00eds, el Gobierno de Mendoza ha decidido adelantar el llamado de la convocatoria para fines de julio. Tambi\u00e9n, resolvi\u00f3 adelantar el \u00faltimo tramo de aumento para el mes de julio.<\/span><\/p>\n","protected":false},"excerpt":{"rendered":"<p>A ra\u00edz de la compleja situaci\u00f3n financiera que atraviesa el pa\u00eds y de la alta inflaci\u00f3n que acarrea la crisis econ\u00f3mica &#8230;<\/p>\n","protected":false},"author":8,"featured_media":62321,"comment_status":"open","ping_status":"open","sticky":false,"template":"","format":"standard","meta":{"footnotes":""},"categories":[5,77],"tags":[],"class_list":["post-110016","post","type-post","status-publish","format-standard","has-post-thumbnail","hentry","category-actualidad","category-gobierno"],"_links":{"self":[{"href":"https:\/\/vinasfm.com\/noticias\/wp-json\/wp\/v2\/posts\/110016","targetHints":{"allow":["GET"]}}],"collection":[{"href":"https:\/\/vinasfm.com\/noticias\/wp-json\/wp\/v2\/posts"}],"about":[{"href":"https:\/\/vinasfm.com\/noticias\/wp-json\/wp\/v2\/types\/post"}],"author":[{"embeddable":true,"href":"https:\/\/vinasfm.com\/noticias\/wp-json\/wp\/v2\/users\/8"}],"replies":[{"embeddable":true,"href":"https:\/\/vinasfm.com\/noticias\/wp-json\/wp\/v2\/comments?post=110016"}],"version-history":[{"count":2,"href":"https:\/\/vinasfm.com\/noticias\/wp-json\/wp\/v2\/posts\/110016\/revisions"}],"predecessor-version":[{"id":110021,"href":"https:\/\/vinasfm.com\/noticias\/wp-json\/wp\/v2\/posts\/110016\/revisions\/110021"}],"wp:featuredmedia":[{"embeddable":true,"href":"https:\/\/vinasfm.com\/noticias\/wp-json\/wp\/v2\/media\/62321"}],"wp:attachment":[{"href":"https:\/\/vinasfm.com\/noticias\/wp-json\/wp\/v2\/media?parent=110016"}],"wp:term":[{"taxonomy":"category","embeddable":true,"href":"https:\/\/vinasfm.com\/noticias\/wp-json\/wp\/v2\/categories?post=110016"},{"taxonomy":"post_tag","embeddable":true,"href":"https:\/\/vinasfm.com\/noticias\/wp-json\/wp\/v2\/tags?post=110016"}],"curies":[{"name":"wp","href":"https:\/\/api.w.org\/{rel}","templated":true}]}}