{"id":110011,"date":"2022-06-22T23:59:42","date_gmt":"2022-06-23T02:59:42","guid":{"rendered":"http:\/\/vinasfm.com\/noticias\/?p=110011"},"modified":"2022-06-24T08:49:35","modified_gmt":"2022-06-24T11:49:35","slug":"vecinos-y-comerciantes-se-autoconvocaron-para-exigir-mejores-medidas-contra-la-creciente-inseguridad","status":"publish","type":"post","link":"https:\/\/vinasfm.com\/noticias\/vecinos-y-comerciantes-se-autoconvocaron-para-exigir-mejores-medidas-contra-la-creciente-inseguridad\/","title":{"rendered":"VECINOS Y COMERCIANTES SE AUTOCONVOCARON PARA EXIGIR MEJORES MEDIDAS CONTRA LA CRECIENTE INSEGURIDAD"},"content":{"rendered":"<h4><span style=\"color: #000000;\"><strong>Un nutrido grupo de vecinos y comerciantes de distintos puntos de Ciudad se convocaron en la esquina de Avenida Roque S\u00e1enz Pe\u00f1a y calle Patricias Mendocinas para exigir medidas que mitiguen la creciente ola de inseguridad de la que son v\u00edctimas.<\/strong><\/span><\/h4>\n<p><span style=\"color: #000000;\">Fue alrededor de las <strong>20hs de este martes,<\/strong> cuando respondiendo a una convocatoria realizada a trav\u00e9s de las redes sociales vecinos se reunieron a modo de protesta cansados de los hechos de inseguridad, que en la zona <strong>suman m\u00e1s de 30 entre delitos contra la propiedad, actos vand\u00e1licos y asaltos<\/strong>.<\/span><\/p>\n<p><span style=\"color: #000000;\">El malestar generalizado se aun\u00f3 en un solo reclamo: &#8216;<strong><em>Mayor seguridad y mejor eficiencia en la actuaci\u00f3n judicial, pol\u00edtica y policial contra este flagelo<\/em><\/strong>&#8216;, seg\u00fan manifestaron. Asimismo expusieron que es &#8216;<strong><em>inaceptable que se detenga a un delincuente y a las horas se lo libere cuando los miembros de la justicia tienen las pruebas necesarias para avanzar con el correspondiente proceso<\/em><\/strong>&#8216;.<\/span><\/p>\n<p><span style=\"color: #000000;\">Con el pasar de los minutos, se hicieron presentes concejales de ambos bloques, funcionarios municipales, autoridades policiales del sur provincial y de la departamental Alvear pero<strong> no acudi\u00f3 ning\u00fan miembro de la Justicia local, actitud que cuestionaron todos los presentes. <\/strong>Se les propuso la implementaci\u00f3n del Sistema de Alarmas Comunitarias pero varios de los presentes consideraron que &#8216;<strong><em>es una herramienta in\u00fatil si una vez que se detiene a un delincuente la justicia ordena su puesta en libertad<\/em><\/strong>&#8216;.<\/span><\/p>\n<p><span style=\"color: #000000;\">La s\u00edntesis coyuntural a la que llegaron fue coordinar acciones con los representantes de los organismos presentes para enfrentar a la delincuencia: &#8216;<strong><em>A algunos nos han robado dos o tres veces pero hay presentes a los que les han robado m\u00e1s de cinco veces y siempre lo mismo: nos dicen que hagamos la denuncia y presentemos todo pero nunca se esclarece nada y cuando tienen todo para esclarecerlo se duermen porque nunca hay soluciones<\/em><\/strong>&#8216;, esgrimi\u00f3 una de las presentes.<\/span><\/p>\n","protected":false},"excerpt":{"rendered":"<p>Un nutrido grupo de vecinos y comerciantes de distintos puntos de Ciudad se convocaron en la esquina de Avenida Roque S\u00e1enz &#8230;<\/p>\n","protected":false},"author":8,"featured_media":110015,"comment_status":"open","ping_status":"open","sticky":false,"template":"","format":"standard","meta":{"footnotes":""},"categories":[5,10],"tags":[],"class_list":["post-110011","post","type-post","status-publish","format-standard","has-post-thumbnail","hentry","category-actualidad","category-destacadas"],"_links":{"self":[{"href":"https:\/\/vinasfm.com\/noticias\/wp-json\/wp\/v2\/posts\/110011","targetHints":{"allow":["GET"]}}],"collection":[{"href":"https:\/\/vinasfm.com\/noticias\/wp-json\/wp\/v2\/posts"}],"about":[{"href":"https:\/\/vinasfm.com\/noticias\/wp-json\/wp\/v2\/types\/post"}],"author":[{"embeddable":true,"href":"https:\/\/vinasfm.com\/noticias\/wp-json\/wp\/v2\/users\/8"}],"replies":[{"embeddable":true,"href":"https:\/\/vinasfm.com\/noticias\/wp-json\/wp\/v2\/comments?post=110011"}],"version-history":[{"count":2,"href":"https:\/\/vinasfm.com\/noticias\/wp-json\/wp\/v2\/posts\/110011\/revisions"}],"predecessor-version":[{"id":110112,"href":"https:\/\/vinasfm.com\/noticias\/wp-json\/wp\/v2\/posts\/110011\/revisions\/110112"}],"wp:featuredmedia":[{"embeddable":true,"href":"https:\/\/vinasfm.com\/noticias\/wp-json\/wp\/v2\/media\/110015"}],"wp:attachment":[{"href":"https:\/\/vinasfm.com\/noticias\/wp-json\/wp\/v2\/media?parent=110011"}],"wp:term":[{"taxonomy":"category","embeddable":true,"href":"https:\/\/vinasfm.com\/noticias\/wp-json\/wp\/v2\/categories?post=110011"},{"taxonomy":"post_tag","embeddable":true,"href":"https:\/\/vinasfm.com\/noticias\/wp-json\/wp\/v2\/tags?post=110011"}],"curies":[{"name":"wp","href":"https:\/\/api.w.org\/{rel}","templated":true}]}}