{"id":110006,"date":"2022-06-22T23:58:02","date_gmt":"2022-06-23T02:58:02","guid":{"rendered":"http:\/\/vinasfm.com\/noticias\/?p=110006"},"modified":"2022-06-23T10:26:09","modified_gmt":"2022-06-23T13:26:09","slug":"fabiana-gonzalez-evaluo-el-impacto-turistico-en-alvear-durante-el-ultimo-finde-largo","status":"publish","type":"post","link":"https:\/\/vinasfm.com\/noticias\/fabiana-gonzalez-evaluo-el-impacto-turistico-en-alvear-durante-el-ultimo-finde-largo\/","title":{"rendered":"FABIANA GONZ\u00c1LEZ EVALU\u00d3 EL IMPACTO TUR\u00cdSTICO EN ALVEAR DURANTE EL \u00daLTIMO FINDE LARGO"},"content":{"rendered":"<h4><span style=\"color: #000000;\"><strong>La directora de turismo Fabiana Gonz\u00e1lez detall\u00f3 el impacto que tuvo el turismo en nuestro departamento tras el fin de semana que pas\u00f3. Adem\u00e1s estableci\u00f3 las alternativas que se buscaran para que la temporada de vacaciones de invierno sea positiva.<\/strong><\/span><\/h4>\n<p><span style=\"color: #000000;\">Por su parte Fabiana dio su palabra acerca de como se vivi\u00f3 el feriado largo <strong>\u00abEmpezamos la semana con muy bajas reservas, ten\u00edamos expectativas que con la apertura de temporada se movilizara gente y se quedaran algunos en el departamento, vimos que esto fue creciendo a medida que fueron pasando los d\u00edas\u00bb.<\/strong><\/span><\/p>\n<p><span style=\"color: #000000;\"> Adem\u00e1s destaco que se debe trabajar pensando a futuro <strong>\u00abConsideramos que debemos trabajar y pensar en una estrategia para las vacaciones invernales, pensar en forma urgente con los privados para poder dialogar y que mas gente se quede en nuestro departamento\u00bb<\/strong> a\u00f1adi\u00f3 para <strong>F.M VI\u00d1AS<\/strong><\/span><\/p>\n<p><span style=\"color: #000000;\">General Alvear ha crecido como destino de verano pero faltan atractivos, entrenamiento para ni\u00f1os, se debe trabajar mucho mas para posicionar al departamento como destino de invierno ya que nos encontramos en un porcentaje bajo respecto a esta.<\/span><\/p>\n<p><span style=\"color: #000000;\">L.L.<\/span><\/p>\n","protected":false},"excerpt":{"rendered":"<p>La directora de turismo Fabiana Gonz\u00e1lez detall\u00f3 el impacto que tuvo el turismo en nuestro departamento tras el fin de semana &#8230;<\/p>\n","protected":false},"author":7,"featured_media":28199,"comment_status":"open","ping_status":"open","sticky":false,"template":"","format":"standard","meta":{"footnotes":""},"categories":[5,21],"tags":[],"class_list":["post-110006","post","type-post","status-publish","format-standard","has-post-thumbnail","hentry","category-actualidad","category-turismo-2"],"_links":{"self":[{"href":"https:\/\/vinasfm.com\/noticias\/wp-json\/wp\/v2\/posts\/110006","targetHints":{"allow":["GET"]}}],"collection":[{"href":"https:\/\/vinasfm.com\/noticias\/wp-json\/wp\/v2\/posts"}],"about":[{"href":"https:\/\/vinasfm.com\/noticias\/wp-json\/wp\/v2\/types\/post"}],"author":[{"embeddable":true,"href":"https:\/\/vinasfm.com\/noticias\/wp-json\/wp\/v2\/users\/7"}],"replies":[{"embeddable":true,"href":"https:\/\/vinasfm.com\/noticias\/wp-json\/wp\/v2\/comments?post=110006"}],"version-history":[{"count":4,"href":"https:\/\/vinasfm.com\/noticias\/wp-json\/wp\/v2\/posts\/110006\/revisions"}],"predecessor-version":[{"id":110085,"href":"https:\/\/vinasfm.com\/noticias\/wp-json\/wp\/v2\/posts\/110006\/revisions\/110085"}],"wp:featuredmedia":[{"embeddable":true,"href":"https:\/\/vinasfm.com\/noticias\/wp-json\/wp\/v2\/media\/28199"}],"wp:attachment":[{"href":"https:\/\/vinasfm.com\/noticias\/wp-json\/wp\/v2\/media?parent=110006"}],"wp:term":[{"taxonomy":"category","embeddable":true,"href":"https:\/\/vinasfm.com\/noticias\/wp-json\/wp\/v2\/categories?post=110006"},{"taxonomy":"post_tag","embeddable":true,"href":"https:\/\/vinasfm.com\/noticias\/wp-json\/wp\/v2\/tags?post=110006"}],"curies":[{"name":"wp","href":"https:\/\/api.w.org\/{rel}","templated":true}]}}