{"id":109869,"date":"2022-06-20T00:01:44","date_gmt":"2022-06-20T03:01:44","guid":{"rendered":"http:\/\/vinasfm.com\/noticias\/?p=109869"},"modified":"2022-06-22T08:48:26","modified_gmt":"2022-06-22T11:48:26","slug":"comunicado-la-multisectorial-y-la-asamblea-del-pueblo-ratificaron-su-defensa-de-la-7-722","status":"publish","type":"post","link":"https:\/\/vinasfm.com\/noticias\/comunicado-la-multisectorial-y-la-asamblea-del-pueblo-ratificaron-su-defensa-de-la-7-722\/","title":{"rendered":"COMUNICADO: LA MULTISECTORIAL Y LA ASAMBLEA DEL PUEBLO RATIFICARON SU DEFENSA DE LA 7.722"},"content":{"rendered":"<h4><span style=\"color: #000000;\"><strong>La Multisectorial de General Alvear y Asamblea del Pueblo, como cada 20 de junio desde hace 15 a\u00f1os desean celebrar la LEY 7722, por lo que emitieron un comunicado ratificando su inclaudicable postura.<\/strong><\/span><\/h4>\n<p><span style=\"color: #000000;\"><em>&#8216;Una Ley que marc\u00f3 un antes y un despu\u00e9s en el pueblo alvearense. Una Ley que fue escrita por cada uno de los habitantes de este pueblo y de pueblos vecinos que aport\u00f3 su granito de arena para que fuera una realidad: desde la Legislatura, desde una computadora enviando comunicados, desde la plaza departamental en el Cabildo Abierto, desde las rutas. Pasamos momentos dif\u00edciles, de tensi\u00f3n y grandes alegr\u00edas donde cada quien se abraz\u00f3 a quien ten\u00eda m\u00e1s cerca. Sin importar credo, raza ni partido pol\u00edtico. Por un fin compartido: CUIDAR NUESTRA CASA COM\u00daN.&#8217;<\/em><\/span><\/p>\n<p><span style=\"color: #000000;\"><em>&#8216;Hace 15 a\u00f1os que sufrimos los embates de multinacionales de intereses mezquinos y pol\u00edticos vende patria que intentan una y otra vez llevarse \u201cpuesta\u201d la 7722.&#8217;<\/em><\/span><\/p>\n<p><span style=\"color: #000000;\"><em>&#8216;Hagamos memoria: intentos de reforma, de derogaci\u00f3n, constitucionalidad determinada por la Suprema Corte Provincial, Ley de Glaciares, Constitucionalidad de la Ley de Glaciares declarada por la Suprema Corte de La Naci\u00f3n, derrames de cianuro reiterados en San Juan, sequ\u00eda como condici\u00f3n permanente de nuestro oasis. Demasiadas luchas, demasiado hast\u00edo.&#8217;<\/em><\/span><\/p>\n<p><span style=\"color: #000000;\"><em>&#8216;En el a\u00f1o 2019 un nuevo embate del gobernador electo hac\u00eda pocos d\u00edas, logr\u00f3 la derogaci\u00f3n de la 7722 y promulgaci\u00f3n de la 9209. El pueblo masivamente sali\u00f3 a la calle y logr\u00f3 otro hecho hist\u00f3rico y sin precedentes. La derogaci\u00f3n de la ley reci\u00e9n votada y la recuperaci\u00f3n de la 7722. Esto nos hace pensar que esta ley tiene dos nacimientos y siempre fue el pueblo quien la gest\u00f3.&#8217;<\/em><\/span><\/p>\n<p><span style=\"color: #000000;\"><em>&#8216;Por eso el 20 de junio m\u00e1s que nunca volvemos a reivindicar la pueblada alvearense como el ejemplo de lucha en uni\u00f3n. Es necesario volver a pensar que s\u00f3lo en la uni\u00f3n est\u00e1 la fuerza, que nuestro oasis nos necesita. Tenemos muchos ni\u00f1os a los cuales protegerles el futuro y muchos viejos a los que se lo debemos.&#8217;<\/em><\/span><\/p>\n<p><span style=\"color: #000000;\"><em>&#8216;NO QUEREMOS MINER\u00cdA METAL\u00cdFERA CON USO DE SUSTANCIAS T\u00d3XICAS. NO QUEREMOS REFORMA, DEROGACI\u00d3N NI APLICACI\u00d3N SELECTIVA DE LA 7722. QUEREMOS SER RESPETADOS EN LA DECISI\u00d3N QUE YA FUE DEBATIDA Y CONFIRMADA COMO CONSTITUCIONAL.&#8217;<\/em><\/span><\/p>\n<p><span style=\"color: #000000;\"><em>&#8216;QUEREMOS AGUA PURA PARA CADA UNO DE LOS HABITANTES DE ESTE TERRU\u00d1O POR EL CUAL NUESTROS VIEJOS SE ROMPIERON LAS MANOS Y EL ALMA.&#8217;<\/em><\/span><\/p>\n<p><span style=\"color: #000000;\"><em>&#8216;FELIZ D\u00cdA DE LA PATRIA, FELIZ D\u00cdA DE LA BANDERA, FELIZ ANIVERSARIO DE LA LEY 7722&#8217;<\/em><\/span><\/p>\n","protected":false},"excerpt":{"rendered":"<p>La Multisectorial de General Alvear y Asamblea del Pueblo, como cada 20 de junio desde hace 15 a\u00f1os desean celebrar la &#8230;<\/p>\n","protected":false},"author":8,"featured_media":3427,"comment_status":"open","ping_status":"open","sticky":false,"template":"","format":"standard","meta":{"footnotes":""},"categories":[5,57],"tags":[],"class_list":["post-109869","post","type-post","status-publish","format-standard","has-post-thumbnail","hentry","category-actualidad","category-ley-7722"],"_links":{"self":[{"href":"https:\/\/vinasfm.com\/noticias\/wp-json\/wp\/v2\/posts\/109869","targetHints":{"allow":["GET"]}}],"collection":[{"href":"https:\/\/vinasfm.com\/noticias\/wp-json\/wp\/v2\/posts"}],"about":[{"href":"https:\/\/vinasfm.com\/noticias\/wp-json\/wp\/v2\/types\/post"}],"author":[{"embeddable":true,"href":"https:\/\/vinasfm.com\/noticias\/wp-json\/wp\/v2\/users\/8"}],"replies":[{"embeddable":true,"href":"https:\/\/vinasfm.com\/noticias\/wp-json\/wp\/v2\/comments?post=109869"}],"version-history":[{"count":4,"href":"https:\/\/vinasfm.com\/noticias\/wp-json\/wp\/v2\/posts\/109869\/revisions"}],"predecessor-version":[{"id":109981,"href":"https:\/\/vinasfm.com\/noticias\/wp-json\/wp\/v2\/posts\/109869\/revisions\/109981"}],"wp:featuredmedia":[{"embeddable":true,"href":"https:\/\/vinasfm.com\/noticias\/wp-json\/wp\/v2\/media\/3427"}],"wp:attachment":[{"href":"https:\/\/vinasfm.com\/noticias\/wp-json\/wp\/v2\/media?parent=109869"}],"wp:term":[{"taxonomy":"category","embeddable":true,"href":"https:\/\/vinasfm.com\/noticias\/wp-json\/wp\/v2\/categories?post=109869"},{"taxonomy":"post_tag","embeddable":true,"href":"https:\/\/vinasfm.com\/noticias\/wp-json\/wp\/v2\/tags?post=109869"}],"curies":[{"name":"wp","href":"https:\/\/api.w.org\/{rel}","templated":true}]}}