{"id":109862,"date":"2022-06-20T09:05:30","date_gmt":"2022-06-20T12:05:30","guid":{"rendered":"http:\/\/vinasfm.com\/noticias\/?p=109862"},"modified":"2022-06-21T10:16:51","modified_gmt":"2022-06-21T13:16:51","slug":"producto-del-alcohol-el-jefe-de-cuerpos-especiales-de-alvear-protagonizo-un-incidente-vial","status":"publish","type":"post","link":"https:\/\/vinasfm.com\/noticias\/producto-del-alcohol-el-jefe-de-cuerpos-especiales-de-alvear-protagonizo-un-incidente-vial\/","title":{"rendered":"PRODUCTO DEL ALCOHOL, EL JEFE DE CUERPOS ESPECIALES DE ALVEAR PROTAGONIZ\u00d3 UN INCIDENTE VIAL"},"content":{"rendered":"<h4><span style=\"color: #000000;\"><strong>El Jefe de Cuerpos Especiales de General Alvear, Principal Arce, protagoniz\u00f3 un incidente vial en la ciudad de San Rafael luego de perder el dominio producto del estado de ebriedad que revest\u00eda.<\/strong><\/span><\/h4>\n<p><span style=\"color: #000000;\">El hecho ocurri\u00f3 en la <strong>madrugada del pasado s\u00e1bado<\/strong> en la intersecci\u00f3n de <strong>Avenida San Mart\u00edn y calle 12 de Octubre<\/strong> de la vecina ciudad cuando Arce, quien <strong>disfrutaba de su d\u00eda de franco<\/strong>, se conduc\u00eda a bordo de su veh\u00edculo particular y, sin intervenci\u00f3n de terceros, <strong>perdi\u00f3 el dominio y termin\u00f3 en el interior de una acequia, metros antes de llegar a su casa.<\/strong><\/span><\/p>\n<p><span style=\"color: #000000;\">Al arribar personal policial de servicio, le practicaron el<strong> test de alcoholemia el cual arroj\u00f3 1,4 g\/l.<\/strong> por lo que se le realiz\u00f3 la <strong>infracci\u00f3n vial correspondiente<\/strong> y adem\u00e1s del <strong>inicio de una causa administrativa<\/strong> como medida preventiva <strong>se le retuvo el arma reglamentaria<\/strong>.<\/span><\/p>\n","protected":false},"excerpt":{"rendered":"<p>El Jefe de Cuerpos Especiales de General Alvear, Principal Arce, protagoniz\u00f3 un incidente vial en la ciudad de San Rafael luego &#8230;<\/p>\n","protected":false},"author":8,"featured_media":66502,"comment_status":"open","ping_status":"open","sticky":false,"template":"","format":"standard","meta":{"footnotes":""},"categories":[5,73],"tags":[],"class_list":["post-109862","post","type-post","status-publish","format-standard","has-post-thumbnail","hentry","category-actualidad","category-polemica"],"_links":{"self":[{"href":"https:\/\/vinasfm.com\/noticias\/wp-json\/wp\/v2\/posts\/109862","targetHints":{"allow":["GET"]}}],"collection":[{"href":"https:\/\/vinasfm.com\/noticias\/wp-json\/wp\/v2\/posts"}],"about":[{"href":"https:\/\/vinasfm.com\/noticias\/wp-json\/wp\/v2\/types\/post"}],"author":[{"embeddable":true,"href":"https:\/\/vinasfm.com\/noticias\/wp-json\/wp\/v2\/users\/8"}],"replies":[{"embeddable":true,"href":"https:\/\/vinasfm.com\/noticias\/wp-json\/wp\/v2\/comments?post=109862"}],"version-history":[{"count":2,"href":"https:\/\/vinasfm.com\/noticias\/wp-json\/wp\/v2\/posts\/109862\/revisions"}],"predecessor-version":[{"id":109865,"href":"https:\/\/vinasfm.com\/noticias\/wp-json\/wp\/v2\/posts\/109862\/revisions\/109865"}],"wp:featuredmedia":[{"embeddable":true,"href":"https:\/\/vinasfm.com\/noticias\/wp-json\/wp\/v2\/media\/66502"}],"wp:attachment":[{"href":"https:\/\/vinasfm.com\/noticias\/wp-json\/wp\/v2\/media?parent=109862"}],"wp:term":[{"taxonomy":"category","embeddable":true,"href":"https:\/\/vinasfm.com\/noticias\/wp-json\/wp\/v2\/categories?post=109862"},{"taxonomy":"post_tag","embeddable":true,"href":"https:\/\/vinasfm.com\/noticias\/wp-json\/wp\/v2\/tags?post=109862"}],"curies":[{"name":"wp","href":"https:\/\/api.w.org\/{rel}","templated":true}]}}