{"id":109848,"date":"2022-06-19T22:32:27","date_gmt":"2022-06-20T01:32:27","guid":{"rendered":"http:\/\/vinasfm.com\/noticias\/?p=109848"},"modified":"2022-06-20T09:40:55","modified_gmt":"2022-06-20T12:40:55","slug":"el-ministro-isgro-se-reunio-con-rafael-bielsa-para-presionar-por-la-infraestructura-del-paso-pehuenche","status":"publish","type":"post","link":"https:\/\/vinasfm.com\/noticias\/el-ministro-isgro-se-reunio-con-rafael-bielsa-para-presionar-por-la-infraestructura-del-paso-pehuenche\/","title":{"rendered":"EL MINISTRO ISGR\u00d3 SE REUNI\u00d3 CON RAFAEL BIELSA PARA PRESIONAR POR LA INFRAESTRUCTURA DEL PASO PEHUENCHE"},"content":{"rendered":"<h4><span style=\"color: #000000;\"><strong>El\u00a0ministro de Planificaci\u00f3n e Infraestructura\u00a0P\u00fablica,\u00a0Mario Isgr\u00f3,\u00a0se reuni\u00f3 en Chile\u00a0con el embajador Rafael Bielsa para impulsar los avances en el Paso Pehuenche.<\/strong><\/span><\/h4>\n<div class=\"AV628be11f1759070b186149c8\">\n<div id=\"aniBox\">\n<div id=\"aniplayer_AV628be11f1759070b186149c8-1655471409640\">\n<div id=\"aniplayer_AV628be11f1759070b186149c8-1655471409640gui\">\n<div id=\"av-caption\"><span style=\"color: #000000;\">Cabe recordar que el<strong>\u00a0paso que une a Mendoza con la ciudad chilena de Talca por Malarg\u00fce,<\/strong>\u00a0est\u00e1\u00a0<strong>encaminado\u00a0<\/strong>para ser\u00a0<strong>habilitado para todo tipo de veh\u00edculos y para unificar el control entre Argentina y Chile. <\/strong>Si bien quedan algunos objetivos a cumplir, como la pavimentaci\u00f3n de 100 km de la Ruta 40, las condiciones para que el paso sea habilitado para veh\u00edculos de carga pesada estar\u00eda m\u00e1s cerca de concretarse.<\/span><\/div>\n<div>\n<h4><span style=\"color: #000000;\"><strong>Obras para concretar en el Paso Pehuenche<\/strong><\/span><\/h4>\n<p><span style=\"color: #000000;\">Isgr\u00f3 explic\u00f3 que los\u00a0<strong>beneficios<\/strong>\u00a0que tendr\u00eda la\u00a0<strong>habilitaci\u00f3n de un t\u00fanel de baja altura<\/strong>\u00a0son muchas y que si bien n<strong>o hay una fecha preestablecida para que se inaugure, las obras est\u00e1n avanzadas.<\/strong><\/span><\/p>\n<p><span style=\"color: #000000;\">Puntualmente, lo que que se debe realizar es\u00a0<strong>sumar infraestructura para armar una aduana que posea mejores condiciones\u00a0<\/strong>que la que ahora existe, sobre todo porque es demasiado peque\u00f1a. En cuanto a las\u00a0<strong>instalaciones, lo que explic\u00f3 el funcionario es que se van a armar con m\u00f3dulos f\u00e1cilmente armables y desmontables<\/strong>, que es el tipo de\u00a0<strong>construcci\u00f3n liviana\u00a0<\/strong>que se utiliza actualmente en el mundo.<\/span><\/p>\n<p><span style=\"color: #000000;\">\u00abEstos d\u00edas hemos estado trabajando en la localidad de Las Loicas -donde se ubica el paso- gente de Aduana, Migraciones, SENASA, Vialidad Nacional y el Ministerio del Interior. Todas las reparticiones que tienen que estar presentes en un cruce internacional, y vamos a trabajar para que se ponga en marcha lo antes posible\u00bb.<\/span><\/p>\n<p><span style=\"color: #000000;\">Otro de los objetivos a cumplir es el control unificado de veh\u00edculos entre Argentina y Chile.<\/span><\/p>\n<p><span style=\"color: #000000;\">Tras la\u00a0<strong>reuni\u00f3n Grupo T\u00e9cnico Mixto Chile \u2013 Argentina que se dio en Santiago, donde medi\u00f3 un encuentro con el embajador argentino Rafael Bielsa<\/strong>, se tom\u00f3 la decisi\u00f3n de plantear las necesidades del paso Pehuenche en la pr\u00f3xima reuni\u00f3n del\u00a0<strong>Comit\u00e9 de evaluaci\u00f3n de infraestructura de Pasos Fronterizos<\/strong>, que qued\u00f3 confirmada para el 12 de julio en Buenos Aires.<\/span><\/p>\n<h4><span style=\"color: #000000;\"><strong>Qu\u00e9 sucede con la pavimentaci\u00f3n de un tramo de la Ruta 40<\/strong><\/span><\/h4>\n<p><span style=\"color: #000000;\">Una de las principales complicaciones para habilitar el paso a todo tipo de veh\u00edculos es la pavimentaci\u00f3n de 100 kil\u00f3metros de la Ruta 40, obra que ha tenido algunas complicaciones.<\/span><\/p>\n<p><span style=\"color: #000000;\"><strong>Las obras comenzaron en 60 de los 100 km, pero hay algunos conflictos legales entre privados\u00a0<\/strong>que se han judicializado y esto demorar\u00e1 la continuaci\u00f3n de los trabajos.<\/span><\/p>\n<p><span style=\"color: #000000;\"><strong>En tanto, los 40 km restantes, est\u00e1n listos para ser licitados.<\/strong><\/span><\/p>\n<p><span style=\"color: #000000;\">En cuanto a este \u00faltimo punto, Isgr\u00f3 dijo que se encuentran trabajando para que la obra en este tramo pueda incluirse en el Presupuesto 2023.<\/span><\/p>\n<\/div>\n<\/div>\n<\/div>\n<\/div>\n<\/div>\n","protected":false},"excerpt":{"rendered":"<p>El\u00a0ministro de Planificaci\u00f3n e Infraestructura\u00a0P\u00fablica,\u00a0Mario Isgr\u00f3,\u00a0se reuni\u00f3 en Chile\u00a0con el embajador Rafael Bielsa para impulsar los avances en el Paso Pehuenche. &#8230;<\/p>\n","protected":false},"author":7,"featured_media":98018,"comment_status":"open","ping_status":"open","sticky":false,"template":"","format":"standard","meta":{"footnotes":""},"categories":[5,10],"tags":[],"class_list":["post-109848","post","type-post","status-publish","format-standard","has-post-thumbnail","hentry","category-actualidad","category-destacadas"],"_links":{"self":[{"href":"https:\/\/vinasfm.com\/noticias\/wp-json\/wp\/v2\/posts\/109848","targetHints":{"allow":["GET"]}}],"collection":[{"href":"https:\/\/vinasfm.com\/noticias\/wp-json\/wp\/v2\/posts"}],"about":[{"href":"https:\/\/vinasfm.com\/noticias\/wp-json\/wp\/v2\/types\/post"}],"author":[{"embeddable":true,"href":"https:\/\/vinasfm.com\/noticias\/wp-json\/wp\/v2\/users\/7"}],"replies":[{"embeddable":true,"href":"https:\/\/vinasfm.com\/noticias\/wp-json\/wp\/v2\/comments?post=109848"}],"version-history":[{"count":3,"href":"https:\/\/vinasfm.com\/noticias\/wp-json\/wp\/v2\/posts\/109848\/revisions"}],"predecessor-version":[{"id":109853,"href":"https:\/\/vinasfm.com\/noticias\/wp-json\/wp\/v2\/posts\/109848\/revisions\/109853"}],"wp:featuredmedia":[{"embeddable":true,"href":"https:\/\/vinasfm.com\/noticias\/wp-json\/wp\/v2\/media\/98018"}],"wp:attachment":[{"href":"https:\/\/vinasfm.com\/noticias\/wp-json\/wp\/v2\/media?parent=109848"}],"wp:term":[{"taxonomy":"category","embeddable":true,"href":"https:\/\/vinasfm.com\/noticias\/wp-json\/wp\/v2\/categories?post=109848"},{"taxonomy":"post_tag","embeddable":true,"href":"https:\/\/vinasfm.com\/noticias\/wp-json\/wp\/v2\/tags?post=109848"}],"curies":[{"name":"wp","href":"https:\/\/api.w.org\/{rel}","templated":true}]}}