{"id":109726,"date":"2022-06-15T23:55:40","date_gmt":"2022-06-16T02:55:40","guid":{"rendered":"http:\/\/vinasfm.com\/noticias\/?p=109726"},"modified":"2022-06-16T10:41:46","modified_gmt":"2022-06-16T13:41:46","slug":"el-bloque-pj-pidio-explicaciones-sobre-el-incendio-del-camion-municipal-en-bowen","status":"publish","type":"post","link":"https:\/\/vinasfm.com\/noticias\/el-bloque-pj-pidio-explicaciones-sobre-el-incendio-del-camion-municipal-en-bowen\/","title":{"rendered":"EL BLOQUE PJ PIDI\u00d3 EXPLICACIONES SOBRE EL INCENDIO DEL CAMI\u00d3N MUNICIPAL EN BOWEN"},"content":{"rendered":"<h4><span style=\"color: #000000;\"><strong>Sin dudas el hecho del cami\u00f3n regador incendiado en el distrito de Bowen es una preocupaci\u00f3n que alarmo a todos este \u00faltimo fin de semana.<\/strong><\/span><\/h4>\n<p><span style=\"color: #000000;\">A ra\u00edz de lo sucedido este \u00faltimo fin de semana en Bowen las concejales del Frente De Todos, Silvina Melzi y Hebe Katzer dieron testimonio de lo sucedido, por su parte, Silvina Melzi habl\u00f3 acerca del parque automotor <strong>\u00abEsto era algo inminente, iba a pasar dado que el estado del parque automotor no est\u00e1 en condiciones, hace m\u00e1s de un mes hemos pedido informes desde este bloque para saber el estado y condiciones de los mismos pero a\u00fan no hay respuestas\u00bb.<\/strong><\/span><\/p>\n<p><span style=\"color: #000000;\">Adem\u00e1s aclar\u00f3 que las responsabilidades internas que pueda tener la gente nada obsta a las responsabilidades superiores que tenga la delegada de Bowen en esta situaci\u00f3n y en las que vengan.<\/span><\/p>\n<p><span style=\"color: #000000;\">Por otro lado Hebe Katzer estableci\u00f3 que se desarrollara un pedido de informe <strong>\u00abNosotros la semana anterior hab\u00edamos realizado un pedido de informe donde pedimos el estado en el que est\u00e1n los rodados, se dio a entender que el cami\u00f3n no ten\u00eda matafuegos, queremos saber todo acerca de las condiciones que brindan esto, la sociedad tiene que poner todos sus fondos para arreglar los da\u00f1os que ocurren cuando no se esta atento al parque automotor\u00bb.<\/strong><\/span><\/p>\n<p><span style=\"color: #000000;\"> Por su parte tambi\u00e9n destac\u00f3 que los veh\u00edculos municipales tiene que estar identificados ya que es una ordenanza que debe cumplirse.<\/span><\/p>\n<p><span style=\"color: #000000;\">L.L.<\/span><\/p>\n","protected":false},"excerpt":{"rendered":"<p>Sin dudas el hecho del cami\u00f3n regador incendiado en el distrito de Bowen es una preocupaci\u00f3n que alarmo a todos este &#8230;<\/p>\n","protected":false},"author":7,"featured_media":109790,"comment_status":"open","ping_status":"open","sticky":false,"template":"","format":"standard","meta":{"footnotes":""},"categories":[5,73],"tags":[],"class_list":["post-109726","post","type-post","status-publish","format-standard","has-post-thumbnail","hentry","category-actualidad","category-polemica"],"_links":{"self":[{"href":"https:\/\/vinasfm.com\/noticias\/wp-json\/wp\/v2\/posts\/109726","targetHints":{"allow":["GET"]}}],"collection":[{"href":"https:\/\/vinasfm.com\/noticias\/wp-json\/wp\/v2\/posts"}],"about":[{"href":"https:\/\/vinasfm.com\/noticias\/wp-json\/wp\/v2\/types\/post"}],"author":[{"embeddable":true,"href":"https:\/\/vinasfm.com\/noticias\/wp-json\/wp\/v2\/users\/7"}],"replies":[{"embeddable":true,"href":"https:\/\/vinasfm.com\/noticias\/wp-json\/wp\/v2\/comments?post=109726"}],"version-history":[{"count":3,"href":"https:\/\/vinasfm.com\/noticias\/wp-json\/wp\/v2\/posts\/109726\/revisions"}],"predecessor-version":[{"id":109791,"href":"https:\/\/vinasfm.com\/noticias\/wp-json\/wp\/v2\/posts\/109726\/revisions\/109791"}],"wp:featuredmedia":[{"embeddable":true,"href":"https:\/\/vinasfm.com\/noticias\/wp-json\/wp\/v2\/media\/109790"}],"wp:attachment":[{"href":"https:\/\/vinasfm.com\/noticias\/wp-json\/wp\/v2\/media?parent=109726"}],"wp:term":[{"taxonomy":"category","embeddable":true,"href":"https:\/\/vinasfm.com\/noticias\/wp-json\/wp\/v2\/categories?post=109726"},{"taxonomy":"post_tag","embeddable":true,"href":"https:\/\/vinasfm.com\/noticias\/wp-json\/wp\/v2\/tags?post=109726"}],"curies":[{"name":"wp","href":"https:\/\/api.w.org\/{rel}","templated":true}]}}