{"id":109663,"date":"2022-06-14T23:59:14","date_gmt":"2022-06-15T02:59:14","guid":{"rendered":"http:\/\/vinasfm.com\/noticias\/?p=109663"},"modified":"2022-06-16T10:42:13","modified_gmt":"2022-06-16T13:42:13","slug":"incendios-se-prendio-fuego-un-automovil-ford-focus-y-un-camion-dimex-en-el-distrito-de-bowen","status":"publish","type":"post","link":"https:\/\/vinasfm.com\/noticias\/incendios-se-prendio-fuego-un-automovil-ford-focus-y-un-camion-dimex-en-el-distrito-de-bowen\/","title":{"rendered":"BOWEN: SE PRENDI\u00d3 FUEGO UN FORD FOCUS Y UN CAMI\u00d3N MUNICIPAL"},"content":{"rendered":"<h4><span style=\"color: #000000;\"><strong>En la madrugada del domingo en el distrito de Bowen precisamente en la calle Rivadavia zona de Pozo Hondo se incendi\u00f3 un autom\u00f3vil Ford Focus y un cami\u00f3n regador, el personal de la comisaria 46 del distrito se dirigi\u00f3 hac\u00eda el hecho donde en el lugar del incidente ya se encontraban los bomberos voluntarios de Bowen.\u00a0<\/strong><\/span><\/h4>\n<p><span style=\"color: #000000;\">Los ocupantes del veh\u00edculo menor resultaron ilesos al igual que el conductor del cami\u00f3n Dimex, en cuanto a da\u00f1o material se detect\u00f3 la perdida total del veh\u00edculo, por parte el cami\u00f3n perdi\u00f3 en su totalidad la cabina y motor, en el lugar del hecho trabajaron los bomberos y polic\u00edas del distrito de Bowen y la polic\u00eda cient\u00edfica.<\/span><\/p>\n<p><span style=\"color: #000000;\">La delegada de Bowen, Eliana Manzano, detall\u00f3 lo sucedido con los autom\u00f3viles <strong>\u00abCuando llegue al lugar el cami\u00f3n estaba totalmente en llamas y ya no hab\u00eda mas nada que hacer, el cami\u00f3n estaba en un lugar donde no deb\u00eda estar, sin un previo llamado a los bomberos, nosotros recibimos un llamado de bomberos de la polic\u00eda, si tenemos el cami\u00f3n en condiciones le prestamos el apoyo a ellos, en el caso que no sea as\u00ed se pide ayuda a servicios p\u00fablicos de General Alvear o a defensa civil\u00bb<\/strong> Adem\u00e1s se detall\u00f3 la situaci\u00f3n en la que estaba el cami\u00f3n en el lugar del incendio <strong>\u00abEl cami\u00f3n quedo dentro de una pileta y quedo inmovilizado, las llamas del auto provocaron que este mismo quedara totalmente incendiado, yo desconozco quien era el conductor del Ford Focus, lo que si se es que el cami\u00f3n no deb\u00eda estar en ese lugar sin mi autorizaci\u00f3n, el no estaba autorizado a apagar ese incendio\u00bb <\/strong>en dialogo con <strong>F.M VI\u00d1AS<\/strong><\/span><\/p>\n<p><span style=\"color: #000000;\">Se van a iniciar acciones para esta persona, queda en manos de la justicia de la parte de legales en la municipalidad y tambi\u00e9n de recursos humanos los cuales ser\u00e1n los encargados de llevar esta situaci\u00f3n con total formalidad y dedicaci\u00f3n.<\/span><\/p>\n<p><span style=\"color: #000000;\">L.L<\/span><\/p>\n<p>&nbsp;<\/p>\n","protected":false},"excerpt":{"rendered":"<p>En la madrugada del domingo en el distrito de Bowen precisamente en la calle Rivadavia zona de Pozo Hondo se incendi\u00f3 &#8230;<\/p>\n","protected":false},"author":7,"featured_media":109637,"comment_status":"open","ping_status":"open","sticky":false,"template":"","format":"standard","meta":{"footnotes":""},"categories":[5,76],"tags":[],"class_list":["post-109663","post","type-post","status-publish","format-standard","has-post-thumbnail","hentry","category-actualidad","category-bomberos"],"_links":{"self":[{"href":"https:\/\/vinasfm.com\/noticias\/wp-json\/wp\/v2\/posts\/109663","targetHints":{"allow":["GET"]}}],"collection":[{"href":"https:\/\/vinasfm.com\/noticias\/wp-json\/wp\/v2\/posts"}],"about":[{"href":"https:\/\/vinasfm.com\/noticias\/wp-json\/wp\/v2\/types\/post"}],"author":[{"embeddable":true,"href":"https:\/\/vinasfm.com\/noticias\/wp-json\/wp\/v2\/users\/7"}],"replies":[{"embeddable":true,"href":"https:\/\/vinasfm.com\/noticias\/wp-json\/wp\/v2\/comments?post=109663"}],"version-history":[{"count":4,"href":"https:\/\/vinasfm.com\/noticias\/wp-json\/wp\/v2\/posts\/109663\/revisions"}],"predecessor-version":[{"id":109734,"href":"https:\/\/vinasfm.com\/noticias\/wp-json\/wp\/v2\/posts\/109663\/revisions\/109734"}],"wp:attachment":[{"href":"https:\/\/vinasfm.com\/noticias\/wp-json\/wp\/v2\/media?parent=109663"}],"wp:term":[{"taxonomy":"category","embeddable":true,"href":"https:\/\/vinasfm.com\/noticias\/wp-json\/wp\/v2\/categories?post=109663"},{"taxonomy":"post_tag","embeddable":true,"href":"https:\/\/vinasfm.com\/noticias\/wp-json\/wp\/v2\/tags?post=109663"}],"curies":[{"name":"wp","href":"https:\/\/api.w.org\/{rel}","templated":true}]}}