{"id":109574,"date":"2022-06-15T00:01:31","date_gmt":"2022-06-15T03:01:31","guid":{"rendered":"http:\/\/vinasfm.com\/noticias\/?p=109574"},"modified":"2022-06-15T10:48:17","modified_gmt":"2022-06-15T13:48:17","slug":"curso-de-primeros-auxilios-y-rcp-en-sums-y-cics-del-departamento","status":"publish","type":"post","link":"https:\/\/vinasfm.com\/noticias\/curso-de-primeros-auxilios-y-rcp-en-sums-y-cics-del-departamento\/","title":{"rendered":"SE DICTAN CURSOS DE PRIMEROS AUXILIOS Y RCP EN DISTINTOS PUNTOS DEL DEPARTAMENTO"},"content":{"rendered":"<h4><strong><span style=\"color: #000000;\">El Secretario de Gobierno Mariano Varela junto al Asesor de Seguridad e Higiene Oscar Olivera, los Delegados de OSEP Dr. Rodolfo Mart\u00ednez y Tatiana Olivera informaron acerca de un curso sobre primeros auxilios y RCP dirigidos a p\u00fablico en general que se dictar\u00e1n en diferentes puntos del Departamento.<\/span><\/strong><\/h4>\n<p><span style=\"color: #000000;\">Se trata de una actividad en conjunto, de <strong>OSEP con la Municipalida<\/strong>d de General Alvear, a trav\u00e9s de la <strong>Asesor\u00eda de Seguridad e Higiene<\/strong>, que se llevar\u00e1 a cabo en distintos <strong>SUM y CIC<\/strong> del Departamento.<\/span><\/p>\n<p><span style=\"color: #000000;\">Mariano Varela agradeci\u00f3 al<strong> Dr. Rodolfo Mart\u00ednez<\/strong> y a <strong>Tatiana Olivera<\/strong> que han sido los que han coordinado con la <strong>Asesor\u00eda de Seguridad e Higiene<\/strong> municipal para que la capacitaci\u00f3n en Primeros Auxilios y RCP llegue a todo el Departamento, para que se logren los mejores resultados y sea abierto al p\u00fablico.<\/span><\/p>\n<p><span style=\"color: #000000;\">Por su parte, Oscar Olivera se\u00f1al\u00f3, <em><strong>&#8216;Vamos a dictar una capacitaci\u00f3n en primeros auxilios y RCP, en los SUM y CIC para que llegue a los vecinos de todo el Departamento. El cronograma es el siguiente: en SUM del Barrio Zangrandi, el lunes 13 de junio a las 16:30h; en SUM del Barrio Parque, el mi\u00e9rcoles 15 de junio a las 16h; en SUM del Barrio San Carlos, el jueves 16 de junio a las 16h; en SUM del Barrio Isla Gorostiague, el martes 21 de junio a las 16h; en SUM del Barrio Costa del Atuel, el mi\u00e9rcoles 22 de junio a las 16h; en CIC del Barrio Soemga, el viernes 24 de junio a las 16h; en CIC de Bowen, el martes 28 de junio a las 16h; en Polideportivo de San Pedro del Atuel, el jueves 30 de junio a las 16h&#8217;.<\/strong><\/em><\/span><\/p>\n<p><span style=\"color: #000000;\">El <strong>Delegado de OSEP Rodolfo Mart\u00ednez<\/strong> expres\u00f3, <em><strong>&#8216;el objetivo es llegar a toda la poblaci\u00f3n de General Alvear, tratar de que la gente se pueda enterar, que haga el curso y sepa c\u00f3mo actuar y aplicar t\u00e9cnicas de primeros auxilios y RCP ante una situaci\u00f3n de emergencia, ya sea con un familiar o en la v\u00eda p\u00fablica, ya que es importante realizar bien la t\u00e9cnica para salvar vidas. Quiero agradecer a Juan Jos\u00e9 Castro que nos brinda elementos para dictar la capacitaci\u00f3n&#8217;.<\/strong><\/em><\/span><\/p>\n<p><span style=\"color: #000000;\">La <em><strong>Delegada Tatiana Olivera<\/strong><\/em> dijo,<em><strong> &#8216;Estamos implementando un nuevo sistema de registro de huella de todos los afiliados para actualizar los datos. Hoy culminamos en el municipio e invitamos a que se acerquen a las sedes para registrar su huella en Alvear y distritos, de paso actualizamos los datos, dado que es importante comunicarnos con los afiliados&#8217;.<\/strong><\/em><\/span><\/p>\n<p>\u2022C.F.<\/p>\n","protected":false},"excerpt":{"rendered":"<p>El Secretario de Gobierno Mariano Varela junto al Asesor de Seguridad e Higiene Oscar Olivera, los Delegados de OSEP Dr. Rodolfo &#8230;<\/p>\n","protected":false},"author":7,"featured_media":109578,"comment_status":"open","ping_status":"open","sticky":false,"template":"","format":"standard","meta":{"footnotes":""},"categories":[5,15],"tags":[],"class_list":["post-109574","post","type-post","status-publish","format-standard","has-post-thumbnail","hentry","category-actualidad","category-salud"],"_links":{"self":[{"href":"https:\/\/vinasfm.com\/noticias\/wp-json\/wp\/v2\/posts\/109574","targetHints":{"allow":["GET"]}}],"collection":[{"href":"https:\/\/vinasfm.com\/noticias\/wp-json\/wp\/v2\/posts"}],"about":[{"href":"https:\/\/vinasfm.com\/noticias\/wp-json\/wp\/v2\/types\/post"}],"author":[{"embeddable":true,"href":"https:\/\/vinasfm.com\/noticias\/wp-json\/wp\/v2\/users\/7"}],"replies":[{"embeddable":true,"href":"https:\/\/vinasfm.com\/noticias\/wp-json\/wp\/v2\/comments?post=109574"}],"version-history":[{"count":7,"href":"https:\/\/vinasfm.com\/noticias\/wp-json\/wp\/v2\/posts\/109574\/revisions"}],"predecessor-version":[{"id":109737,"href":"https:\/\/vinasfm.com\/noticias\/wp-json\/wp\/v2\/posts\/109574\/revisions\/109737"}],"wp:featuredmedia":[{"embeddable":true,"href":"https:\/\/vinasfm.com\/noticias\/wp-json\/wp\/v2\/media\/109578"}],"wp:attachment":[{"href":"https:\/\/vinasfm.com\/noticias\/wp-json\/wp\/v2\/media?parent=109574"}],"wp:term":[{"taxonomy":"category","embeddable":true,"href":"https:\/\/vinasfm.com\/noticias\/wp-json\/wp\/v2\/categories?post=109574"},{"taxonomy":"post_tag","embeddable":true,"href":"https:\/\/vinasfm.com\/noticias\/wp-json\/wp\/v2\/tags?post=109574"}],"curies":[{"name":"wp","href":"https:\/\/api.w.org\/{rel}","templated":true}]}}