{"id":109480,"date":"2022-06-10T23:42:37","date_gmt":"2022-06-11T02:42:37","guid":{"rendered":"http:\/\/vinasfm.com\/noticias\/?p=109480"},"modified":"2022-06-13T08:50:03","modified_gmt":"2022-06-13T11:50:03","slug":"en-alvear-se-potencia-la-mejora-genetica-como-punto-de-partida-para-el-crecimiento-del-sector-porcino","status":"publish","type":"post","link":"https:\/\/vinasfm.com\/noticias\/en-alvear-se-potencia-la-mejora-genetica-como-punto-de-partida-para-el-crecimiento-del-sector-porcino\/","title":{"rendered":"EN ALVEAR SE POTENCIA LA MEJORA GEN\u00c9TICA COMO PUNTO DE PARTIDA PARA EL CRECIMIENTO DEL SECTOR PORCINO"},"content":{"rendered":"<h4><span style=\"color: #000000;\"><strong>En el predio de pr\u00e1cticas de la Escuela Agro t\u00e9cnica N\u00b0 4-171 Preceptora Hilda Mabel Coria de Carmensa, se realiz\u00f3 el Curso te\u00f3rico pr\u00e1ctico de Inseminaci\u00f3n Artificial en Porcinos dirigido a productores, que tiene como objetivo mejorar la gen\u00e9tica en la regi\u00f3n.<\/strong><\/span><\/h4>\n<p><span style=\"color: #000000;\">El Secretario de Desarrollo Econ\u00f3mico y Promoci\u00f3n Departamental, Carlos Ponce, se refiri\u00f3 a este proyecto planteado a nivel regional y que tiene que ver con el fortalecimiento de los medianos productores: \u201c<strong><em>Se est\u00e1 apostando fuertemente al mejoramiento de la gen\u00e9tica. Desde el Municipio contamos con un Matadero de ganado menor y apostamos al fortalecimiento de los productores, por eso apostamos que esta sea la primera de muchas capacitaciones<\/em><\/strong>\u201d, expres\u00f3 el funcionario.<\/span><\/p>\n<p><span style=\"color: #000000;\">La Ingeniera Paula Diez, Coordinadora \u00c1rea de Extensi\u00f3n INTA Rama Ca\u00edda, brind\u00f3 m\u00e1s detalles acerca de este proyecto, que hace foco en el mejoramiento gen\u00e9tico y que da pie a tratar otras tem\u00e1ticas vinculadas: \u201c<strong><em>El consumo de carne de cerdo aument\u00f3 en los \u00faltimos a\u00f1os y parecer\u00eda que va a continuar aumentando. Esta es una oportunidad porque nos marca un contexto donde el crecimiento es posible<\/em><\/strong>\u201d. <\/span><\/p>\n<p><span style=\"color: #000000;\">Es importante destacar que mejorar la calidad gen\u00e9tica implica m\u00e1s lechones por madre, mejor calidad de carne, mayor eficiencia a la hora de la conversi\u00f3n alimenticia y otros beneficios: \u201c<strong><em>A nivel nacional se avanz\u00f3 mucho en mejoramiento gen\u00e9tico, ac\u00e1 todav\u00eda viene con cierto retraso y por eso nos parece muy importante que la provincia participe de esta capacitaci\u00f3n. La idea de hacer part\u00edcipe a la escuela es porque ellos cuentan con un criadero, nosotros necesit\u00e1bamos para la parte pr\u00e1ctica, cerdas con un protocolo de sincronizaci\u00f3n, la escuela puso a disposici\u00f3n unas cachorras que ten\u00edan para servir y por eso pudimos hacer la parte pr\u00e1ctica all\u00ed, a eso se sum\u00f3 un productor que ten\u00eda que destetar la semana pasada<\/em><\/strong>\u201d, dijo Diez.<\/span><\/p>\n<p><span style=\"color: #000000;\">Por su parte Gerardo Succurro, de la Direcci\u00f3n de Ganader\u00eda de La Pampa, cont\u00f3 que en la vecina provincia se est\u00e1 trabajando en conjunto con el INTA y la Facultad de Ciencias Veterinarias de La Pampa, para generar gen\u00e9tica que mejore la producci\u00f3n de peque\u00f1os y medianos productores de manera gratuita: \u201c<strong><em>Conseguimos financiamiento para comprar diferentes l\u00edneas gen\u00e9ticas mediante reproductores y hacer la extracci\u00f3n de semen, la diluci\u00f3n y realizar una mejora en toda la regi\u00f3n, tanto en La Pampa como en provincias vecinas<\/em><\/strong>\u201d.<\/span><\/p>\n<p><span style=\"color: #000000;\">Asimismo, Succurro asegur\u00f3 que no se encuentran en ning\u00fan criadero razas tradicionales, esto se debe a que todos han realizado una mejora gen\u00e9tica, sin embargo siempre se mira a la producci\u00f3n porcina desde el punto de vista del consumidor. \u201c<strong><em>Una de las consultas que siempre nos realizan es si esta t\u00e9cnica de inseminaci\u00f3n artificial es solo para los criaderos intensivos, con determinada estructura, pero si bien lo pensamos para la carne tambi\u00e9n tiene que ver con que nosotros ten\u00edamos cerdas mucho m\u00e1s agresivas, en cambio hoy tenemos animales m\u00e1s d\u00f3ciles que cuando presentan s\u00edntomas de cerdo podemos realizar el procedimiento al aire libre y con veinte productores que la cerda nunca hab\u00eda visto, lo que demuestra que se puede realizar en distintas condiciones<\/em><\/strong>\u201d.<\/span><\/p>\n","protected":false},"excerpt":{"rendered":"<p>En el predio de pr\u00e1cticas de la Escuela Agro t\u00e9cnica N\u00b0 4-171 Preceptora Hilda Mabel Coria de Carmensa, se realiz\u00f3 el &#8230;<\/p>\n","protected":false},"author":8,"featured_media":109481,"comment_status":"open","ping_status":"open","sticky":false,"template":"","format":"standard","meta":{"footnotes":""},"categories":[5,10],"tags":[],"class_list":["post-109480","post","type-post","status-publish","format-standard","has-post-thumbnail","hentry","category-actualidad","category-destacadas"],"_links":{"self":[{"href":"https:\/\/vinasfm.com\/noticias\/wp-json\/wp\/v2\/posts\/109480","targetHints":{"allow":["GET"]}}],"collection":[{"href":"https:\/\/vinasfm.com\/noticias\/wp-json\/wp\/v2\/posts"}],"about":[{"href":"https:\/\/vinasfm.com\/noticias\/wp-json\/wp\/v2\/types\/post"}],"author":[{"embeddable":true,"href":"https:\/\/vinasfm.com\/noticias\/wp-json\/wp\/v2\/users\/8"}],"replies":[{"embeddable":true,"href":"https:\/\/vinasfm.com\/noticias\/wp-json\/wp\/v2\/comments?post=109480"}],"version-history":[{"count":1,"href":"https:\/\/vinasfm.com\/noticias\/wp-json\/wp\/v2\/posts\/109480\/revisions"}],"predecessor-version":[{"id":109482,"href":"https:\/\/vinasfm.com\/noticias\/wp-json\/wp\/v2\/posts\/109480\/revisions\/109482"}],"wp:featuredmedia":[{"embeddable":true,"href":"https:\/\/vinasfm.com\/noticias\/wp-json\/wp\/v2\/media\/109481"}],"wp:attachment":[{"href":"https:\/\/vinasfm.com\/noticias\/wp-json\/wp\/v2\/media?parent=109480"}],"wp:term":[{"taxonomy":"category","embeddable":true,"href":"https:\/\/vinasfm.com\/noticias\/wp-json\/wp\/v2\/categories?post=109480"},{"taxonomy":"post_tag","embeddable":true,"href":"https:\/\/vinasfm.com\/noticias\/wp-json\/wp\/v2\/tags?post=109480"}],"curies":[{"name":"wp","href":"https:\/\/api.w.org\/{rel}","templated":true}]}}