{"id":109446,"date":"2022-06-08T15:01:03","date_gmt":"2022-06-08T18:01:03","guid":{"rendered":"http:\/\/vinasfm.com\/noticias\/?p=109446"},"modified":"2022-06-10T09:01:32","modified_gmt":"2022-06-10T12:01:32","slug":"el-paso-pehuenche-los-libertadores-esta-habilitado-y-el-pehuenche-continua-cerrado","status":"publish","type":"post","link":"https:\/\/vinasfm.com\/noticias\/el-paso-pehuenche-los-libertadores-esta-habilitado-y-el-pehuenche-continua-cerrado\/","title":{"rendered":"LOS LIBERTADORES EST\u00c1 HABILITADO Y EL PEHUENCHE CONTIN\u00daA CERRADO"},"content":{"rendered":"<p><span style=\"color: #000000;\">Lleg\u00f3 el d\u00eda. El Paso Internacional Los Libertadores fue habilitado tras el cese de las fuertes nevadas ca\u00eddas en alta monta\u00f1a en los \u00faltimos d\u00edas.<\/span><\/p>\n<div class=\"sntr\">\n<div class=\"twitter-tweet twitter-tweet-rendered\"><iframe id=\"twitter-widget-0\" class=\"\" title=\"Twitter Tweet\" src=\"https:\/\/platform.twitter.com\/embed\/Tweet.html?dnt=false&amp;embedId=twitter-widget-0&amp;features=eyJ0ZndfZXhwZXJpbWVudHNfY29va2llX2V4cGlyYXRpb24iOnsiYnVja2V0IjoxMjA5NjAwLCJ2ZXJzaW9uIjpudWxsfSwidGZ3X3JlZnNyY19zZXNzaW9uIjp7ImJ1Y2tldCI6Im9mZiIsInZlcnNpb24iOm51bGx9LCJ0Zndfc2Vuc2l0aXZlX21lZGlhX2ludGVyc3RpdGlhbF8xMzk2MyI6eyJidWNrZXQiOiJpbnRlcnN0aXRpYWwiLCJ2ZXJzaW9uIjpudWxsfSwidGZ3X3R3ZWV0X3Jlc3VsdF9taWdyYXRpb25fMTM5NzkiOnsiYnVja2V0IjoidHdlZXRfcmVzdWx0IiwidmVyc2lvbiI6bnVsbH19&amp;frame=false&amp;hideCard=false&amp;hideThread=true&amp;id=1534146791914065921&amp;lang=en&amp;origin=https%3A%2F%2Fmediamendoza.com%2Fcontenidos%2F197838&amp;sessionId=8229db2ffc003d2a47eb6cdb73c0256cc255c680&amp;theme=light&amp;widgetsVersion=b45a03c79d4c1%3A1654150928467&amp;width=550px\" frameborder=\"0\" scrolling=\"no\" allowfullscreen=\"allowfullscreen\" data-tweet-id=\"1534146791914065921\" data-mce-fragment=\"1\"><\/iframe><\/div>\n<\/div>\n<p><span style=\"color: #000000;\">De 9 a 23 podr\u00e1n cruzar los camiones rumbo a la Rep\u00fablica de Chile y viceversa, en tanto, los autos particulares tienen asignado por horario de 9 a 21 horas.<\/span><\/p>\n<div class=\"sntr\">\n<div class=\"twitter-tweet twitter-tweet-rendered\"><iframe id=\"twitter-widget-1\" class=\"\" title=\"Twitter Tweet\" src=\"https:\/\/platform.twitter.com\/embed\/Tweet.html?dnt=false&amp;embedId=twitter-widget-1&amp;features=eyJ0ZndfZXhwZXJpbWVudHNfY29va2llX2V4cGlyYXRpb24iOnsiYnVja2V0IjoxMjA5NjAwLCJ2ZXJzaW9uIjpudWxsfSwidGZ3X3JlZnNyY19zZXNzaW9uIjp7ImJ1Y2tldCI6Im9mZiIsInZlcnNpb24iOm51bGx9LCJ0Zndfc2Vuc2l0aXZlX21lZGlhX2ludGVyc3RpdGlhbF8xMzk2MyI6eyJidWNrZXQiOiJpbnRlcnN0aXRpYWwiLCJ2ZXJzaW9uIjpudWxsfSwidGZ3X3R3ZWV0X3Jlc3VsdF9taWdyYXRpb25fMTM5NzkiOnsiYnVja2V0IjoidHdlZXRfcmVzdWx0IiwidmVyc2lvbiI6bnVsbH19&amp;frame=false&amp;hideCard=false&amp;hideThread=true&amp;id=1534138797524385793&amp;lang=en&amp;origin=https%3A%2F%2Fmediamendoza.com%2Fcontenidos%2F197838&amp;sessionId=8229db2ffc003d2a47eb6cdb73c0256cc255c680&amp;theme=light&amp;widgetsVersion=b45a03c79d4c1%3A1654150928467&amp;width=550px\" frameborder=\"0\" scrolling=\"no\" allowfullscreen=\"allowfullscreen\" data-tweet-id=\"1534138797524385793\" data-mce-fragment=\"1\"><\/iframe><\/div>\n<\/div>\n<p><span style=\"color: #000000;\">La temperatura en la localidad de Las Cuevas es de menos 8 grados, Puente del Inca menos 7, Punta de Vacas menos y y en la Villa Cabecera de Uspallata el term\u00f3metro marca menos 2 bajo cero.<\/span><\/p>\n<div class=\"sntr\">\n<div class=\"twitter-tweet twitter-tweet-rendered\"><iframe id=\"twitter-widget-2\" class=\"\" title=\"Twitter Tweet\" src=\"https:\/\/platform.twitter.com\/embed\/Tweet.html?dnt=false&amp;embedId=twitter-widget-2&amp;features=eyJ0ZndfZXhwZXJpbWVudHNfY29va2llX2V4cGlyYXRpb24iOnsiYnVja2V0IjoxMjA5NjAwLCJ2ZXJzaW9uIjpudWxsfSwidGZ3X3JlZnNyY19zZXNzaW9uIjp7ImJ1Y2tldCI6Im9mZiIsInZlcnNpb24iOm51bGx9LCJ0Zndfc2Vuc2l0aXZlX21lZGlhX2ludGVyc3RpdGlhbF8xMzk2MyI6eyJidWNrZXQiOiJpbnRlcnN0aXRpYWwiLCJ2ZXJzaW9uIjpudWxsfSwidGZ3X3R3ZWV0X3Jlc3VsdF9taWdyYXRpb25fMTM5NzkiOnsiYnVja2V0IjoidHdlZXRfcmVzdWx0IiwidmVyc2lvbiI6bnVsbH19&amp;frame=false&amp;hideCard=false&amp;hideThread=true&amp;id=1534146955496108034&amp;lang=en&amp;origin=https%3A%2F%2Fmediamendoza.com%2Fcontenidos%2F197838&amp;sessionId=8229db2ffc003d2a47eb6cdb73c0256cc255c680&amp;theme=light&amp;widgetsVersion=b45a03c79d4c1%3A1654150928467&amp;width=550px\" frameborder=\"0\" scrolling=\"no\" allowfullscreen=\"allowfullscreen\" data-tweet-id=\"1534146955496108034\" data-mce-fragment=\"1\"><\/iframe><\/div>\n<\/div>\n<p><span style=\"color: #000000;\">El Paso Pehuenche tambi\u00e9n se encuentra cerrado.<\/span><\/p>\n","protected":false},"excerpt":{"rendered":"<p>Lleg\u00f3 el d\u00eda. El Paso Internacional Los Libertadores fue habilitado tras el cese de las fuertes nevadas ca\u00eddas en alta monta\u00f1a &#8230;<\/p>\n","protected":false},"author":8,"featured_media":52772,"comment_status":"open","ping_status":"open","sticky":false,"template":"","format":"standard","meta":{"footnotes":""},"categories":[5,30],"tags":[],"class_list":["post-109446","post","type-post","status-publish","format-standard","has-post-thumbnail","hentry","category-actualidad","category-paso-pehuenche"],"_links":{"self":[{"href":"https:\/\/vinasfm.com\/noticias\/wp-json\/wp\/v2\/posts\/109446","targetHints":{"allow":["GET"]}}],"collection":[{"href":"https:\/\/vinasfm.com\/noticias\/wp-json\/wp\/v2\/posts"}],"about":[{"href":"https:\/\/vinasfm.com\/noticias\/wp-json\/wp\/v2\/types\/post"}],"author":[{"embeddable":true,"href":"https:\/\/vinasfm.com\/noticias\/wp-json\/wp\/v2\/users\/8"}],"replies":[{"embeddable":true,"href":"https:\/\/vinasfm.com\/noticias\/wp-json\/wp\/v2\/comments?post=109446"}],"version-history":[{"count":2,"href":"https:\/\/vinasfm.com\/noticias\/wp-json\/wp\/v2\/posts\/109446\/revisions"}],"predecessor-version":[{"id":109459,"href":"https:\/\/vinasfm.com\/noticias\/wp-json\/wp\/v2\/posts\/109446\/revisions\/109459"}],"wp:featuredmedia":[{"embeddable":true,"href":"https:\/\/vinasfm.com\/noticias\/wp-json\/wp\/v2\/media\/52772"}],"wp:attachment":[{"href":"https:\/\/vinasfm.com\/noticias\/wp-json\/wp\/v2\/media?parent=109446"}],"wp:term":[{"taxonomy":"category","embeddable":true,"href":"https:\/\/vinasfm.com\/noticias\/wp-json\/wp\/v2\/categories?post=109446"},{"taxonomy":"post_tag","embeddable":true,"href":"https:\/\/vinasfm.com\/noticias\/wp-json\/wp\/v2\/tags?post=109446"}],"curies":[{"name":"wp","href":"https:\/\/api.w.org\/{rel}","templated":true}]}}