{"id":109439,"date":"2022-06-08T10:24:31","date_gmt":"2022-06-08T13:24:31","guid":{"rendered":"http:\/\/vinasfm.com\/noticias\/?p=109439"},"modified":"2022-06-13T08:49:49","modified_gmt":"2022-06-13T11:49:49","slug":"para-el-diputado-jose-vilches-deberia-ser-integral-el-acompanamiento-de-los-menores-que-delinquen","status":"publish","type":"post","link":"https:\/\/vinasfm.com\/noticias\/para-el-diputado-jose-vilches-deberia-ser-integral-el-acompanamiento-de-los-menores-que-delinquen\/","title":{"rendered":"PARA EL DIPUTADO JOS\u00c9 VILCHES DEBER\u00cdA SER INTEGRAL EL ACOMPA\u00d1AMIENTO CON LOS MENORES QUE DELINQUEN"},"content":{"rendered":"<h4><span style=\"color: #000000;\"><strong>A poco tiempo de asumir como Diputado, Jos\u00e9 Vilches, forma parte de dos comisiones importantes en la Legislatura como la de Ambiente y Recursos H\u00eddricos y la de Legislaci\u00f3n y Asuntos Constitucionales.<\/strong><\/span><\/h4>\n<p><span style=\"color: #000000;\">Uno de los mayores problema que hoy aflige a los alvearenses es la inseguridad y los delitos en manos de menores de edad y desde los entidades involucradas no dan respuesta a este problema, la experiencia del Diputado en el poder judicial es una base en busca de soluciones a estas situaciones y hoy participe de la comisi\u00f3n de Legislaci\u00f3n y Asuntos Constitucionales. En di\u00e1logo con <strong>F.M. VI\u00d1AS, el Diputado Jos\u00e9 Vilches<\/strong>, expres\u00f3: <strong>&#8216;Tenemos esa preocupaci\u00f3n por la edad, la inseguridad no es porque cinco o seis menores de 16 a\u00f1os cometiendo delitos, es mucho m\u00e1s complejo&#8217;.<\/strong><\/span><\/p>\n<p><span style=\"color: #000000;\"><em><strong>&#8216;El acompa\u00f1amiento tiene que ser mayor, como sociedad tenemos que aprender a recuperarlo, no podemos estigmatizar a un chico que rompi\u00f3 una vidriera para robar un par de zapatillas nosotros tenemos que ser capaces de recuperarlo&#8217;<\/strong><\/em>, agreg\u00f3 <strong>Jos\u00e9 Vilches<\/strong>. Se trabaja desde el municipio con las \u00e1reas correspondientes, con las autoridades educativas, la polic\u00eda y la justica para poder trabajar en la justicia restaurativa y encontrar la respuesta y recuperar a los chicos as\u00ed el delito no va en escalada.\u00a0<\/span><\/p>\n<p><span style=\"color: #000000;\">Los terrenos donde se ha planeado y establecido la construcci\u00f3n del polo judicial de nuestro departamento, con el fin de unificar el trabajo de la justicia y de est\u00e1 forma poder trabajar con mayor funcionabilidad y coordinaci\u00f3n a la hora que ingresa una causa.<em><strong> &#8216;El tema es ahora el presupuesto que venga que este contemplado y se pueda comenzar las obras concretamente, para solucionar este problema hay 18 establecimiento en lo que es el territorio&#8217;,<\/strong><\/em> resalt\u00f3.\u00a0<\/span><\/p>\n","protected":false},"excerpt":{"rendered":"<p>A poco tiempo de asumir como Diputado, Jos\u00e9 Vilches, forma parte de dos comisiones importantes en la Legislatura como la de &#8230;<\/p>\n","protected":false},"author":7,"featured_media":109469,"comment_status":"open","ping_status":"open","sticky":false,"template":"","format":"standard","meta":{"footnotes":""},"categories":[5,4],"tags":[],"class_list":["post-109439","post","type-post","status-publish","format-standard","has-post-thumbnail","hentry","category-actualidad","category-policiales"],"_links":{"self":[{"href":"https:\/\/vinasfm.com\/noticias\/wp-json\/wp\/v2\/posts\/109439","targetHints":{"allow":["GET"]}}],"collection":[{"href":"https:\/\/vinasfm.com\/noticias\/wp-json\/wp\/v2\/posts"}],"about":[{"href":"https:\/\/vinasfm.com\/noticias\/wp-json\/wp\/v2\/types\/post"}],"author":[{"embeddable":true,"href":"https:\/\/vinasfm.com\/noticias\/wp-json\/wp\/v2\/users\/7"}],"replies":[{"embeddable":true,"href":"https:\/\/vinasfm.com\/noticias\/wp-json\/wp\/v2\/comments?post=109439"}],"version-history":[{"count":7,"href":"https:\/\/vinasfm.com\/noticias\/wp-json\/wp\/v2\/posts\/109439\/revisions"}],"predecessor-version":[{"id":109477,"href":"https:\/\/vinasfm.com\/noticias\/wp-json\/wp\/v2\/posts\/109439\/revisions\/109477"}],"wp:featuredmedia":[{"embeddable":true,"href":"https:\/\/vinasfm.com\/noticias\/wp-json\/wp\/v2\/media\/109469"}],"wp:attachment":[{"href":"https:\/\/vinasfm.com\/noticias\/wp-json\/wp\/v2\/media?parent=109439"}],"wp:term":[{"taxonomy":"category","embeddable":true,"href":"https:\/\/vinasfm.com\/noticias\/wp-json\/wp\/v2\/categories?post=109439"},{"taxonomy":"post_tag","embeddable":true,"href":"https:\/\/vinasfm.com\/noticias\/wp-json\/wp\/v2\/tags?post=109439"}],"curies":[{"name":"wp","href":"https:\/\/api.w.org\/{rel}","templated":true}]}}