{"id":109435,"date":"2022-06-08T15:46:09","date_gmt":"2022-06-08T18:46:09","guid":{"rendered":"http:\/\/vinasfm.com\/noticias\/?p=109435"},"modified":"2022-06-09T08:39:57","modified_gmt":"2022-06-09T11:39:57","slug":"en-el-parque-pueblo-luna-se-agasajo-a-los-periodistas-alvearenses","status":"publish","type":"post","link":"https:\/\/vinasfm.com\/noticias\/en-el-parque-pueblo-luna-se-agasajo-a-los-periodistas-alvearenses\/","title":{"rendered":"EN EL PARQUE PUEBLO LUNA SE AGASAJ\u00d3 A LOS PERIODISTAS ALVEARENSES"},"content":{"rendered":"<h4><span style=\"color: #000000;\"><strong>El Director de Comunicaci\u00f3n del municipio Jorge Porta brind\u00f3 un emotivo discurso, donde record\u00f3 que esta fecha se celebra en honor a \u201cLa Gazeta de Buenos Aires\u201d, primer diario argentino, fundado por el pol\u00edtico y abogado Mariano Moreno en 1810. Ese fue el primer peri\u00f3dico de la etapa independentista de nuestro pa\u00eds. <\/strong><\/span><\/h4>\n<p><span style=\"color: #000000;\">Por otra parte, el funcionario agradeci\u00f3 a la prensa local el acompa\u00f1amiento a la gesti\u00f3n municipal, sobre todo durante la pandemia, siendo General Alvear uno de los departamentos con mayor \u00edndice de vacunaci\u00f3n en los momentos m\u00e1s cr\u00edticos, y por sobre todo por difundir los protocolos sanitarios en comercios y el uso de tapabocas.<\/span><\/p>\n<p><span style=\"color: #000000;\">\u201c<strong><em>Quiero recordar a colegas, amigos de la prensa local, que cada uno, con sus particularidades, nos dej\u00f3 una ense\u00f1anza, ellos son Walter Santander, Alberto Ca\u00f1ita Esper\u00f3n y Nahuel Vallejos<\/em><\/strong>\u201d dijo Porta. Es importante destacar que familiares de estos tres referentes se encontraron presentes y recibieron un reconocimiento.<\/span><\/p>\n<p><span style=\"color: #000000;\">A continuaci\u00f3n, se detalla la trayectoria period\u00edstica de cada uno, como una forma de brindar homenaje a estos tres referentes de la comunicaci\u00f3n alvearense:<\/span><\/p>\n<p><span style=\"color: #000000;\">&#8211; <strong>Alberto Ca\u00f1ita Esper\u00f3n<\/strong> naci\u00f3 el 28 de agosto de 1958 y falleci\u00f3 el 11 de agosto de 2020, es un emblema de la radiofon\u00eda, comenz\u00f3 en LV23 con un programa llamado \u201cLa tribuna del jubilado\u201d, y con m\u00e1s de 30 a\u00f1os de trayectoria, recorri\u00f3 varias emisoras del Departamento como FM Ra\u00edces, FM del Este, FM Ciudad y su \u00faltima radio fue FM La Cumbre, donde conduc\u00eda el programa \u201cLa ma\u00f1ana de tu radio\u201d, que actualmente contin\u00faa su legado, como \u00e9l le ense\u00f1\u00f3, su nieta Celeste.<\/span><\/p>\n<p><span style=\"color: #000000;\">&#8211; <strong>Walter Santander<\/strong> naci\u00f3 el 6 de enero de 1955 y falleci\u00f3 el 9 de mayo de 2022, desde los 18 a\u00f1os comenz\u00f3 sus pasos en los medios de comunicaci\u00f3n y se transform\u00f3 en el periodista referente del agro, marcando la vida de los alvearenses con su recordado ciclo \u201cSinton\u00eda Rural\u201d, que se emit\u00eda por la frecuencia AM de LV 23, los domingos por la ma\u00f1ana. Fue creador y conductor del Programa \u201cHacia el Campo\u201d en LV 4 Radio San Rafael, espacio que est\u00e1 al aire hasta la actualidad. Tambi\u00e9n, tuvo su paso por la televisi\u00f3n, con su programa \u201cHacia el Campo\u201d en Canal 6. <\/span><\/p>\n<p><span style=\"color: #000000;\">Posteriormente, se traslad\u00f3 con su programa a Cable Televisora Color de San Rafael y luego a Tvcoa. Este programa se emiti\u00f3 durante un a\u00f1o en Canal Rural, \u00fanica se\u00f1al satelital de Am\u00e9rica Latina dedicada al sector agropecuario y a la producci\u00f3n agroindustrial. Dej\u00f3 un legado y una destacable trayectoria como referente del periodismo agr\u00edcola en toda la regi\u00f3n.<\/span><\/p>\n<p><span style=\"color: #000000;\">&#8211; <strong>Nahuel Vallejos<\/strong> naci\u00f3 el 13 de noviembre de 1.987 y falleci\u00f3 el 25 de abril de 2.021, comenz\u00f3 a los 18 a\u00f1os en FM Pehuenche, despu\u00e9s pas\u00f3 a FM Vi\u00f1as y Radio Joven. Dentro de los medios de comunicaci\u00f3n se gan\u00f3 un lugar de respeto a fuerza de sacrificio y trabajo. En 2.013 parti\u00f3 a la Patagonia y se instal\u00f3 en la localidad de El Calafate. Trabaj\u00f3 en el \u00e1rea de comunicaci\u00f3n de la comuna, donde ayud\u00f3 a formar la Radio Municipal. De regreso en General Alvear afianz\u00f3 su amor por la fotograf\u00eda y volvi\u00f3 con Pablo Gonz\u00e1lez a la ma\u00f1ana de Radio Joven, su risa durante la emisi\u00f3n de Radio Circo Show marc\u00f3 un estilo y lleg\u00f3 a todos los hogares.<\/span><\/p>\n","protected":false},"excerpt":{"rendered":"<p>El Director de Comunicaci\u00f3n del municipio Jorge Porta brind\u00f3 un emotivo discurso, donde record\u00f3 que esta fecha se celebra en honor &#8230;<\/p>\n","protected":false},"author":8,"featured_media":109437,"comment_status":"open","ping_status":"open","sticky":false,"template":"","format":"standard","meta":{"footnotes":""},"categories":[5,10],"tags":[],"class_list":["post-109435","post","type-post","status-publish","format-standard","has-post-thumbnail","hentry","category-actualidad","category-destacadas"],"_links":{"self":[{"href":"https:\/\/vinasfm.com\/noticias\/wp-json\/wp\/v2\/posts\/109435","targetHints":{"allow":["GET"]}}],"collection":[{"href":"https:\/\/vinasfm.com\/noticias\/wp-json\/wp\/v2\/posts"}],"about":[{"href":"https:\/\/vinasfm.com\/noticias\/wp-json\/wp\/v2\/types\/post"}],"author":[{"embeddable":true,"href":"https:\/\/vinasfm.com\/noticias\/wp-json\/wp\/v2\/users\/8"}],"replies":[{"embeddable":true,"href":"https:\/\/vinasfm.com\/noticias\/wp-json\/wp\/v2\/comments?post=109435"}],"version-history":[{"count":1,"href":"https:\/\/vinasfm.com\/noticias\/wp-json\/wp\/v2\/posts\/109435\/revisions"}],"predecessor-version":[{"id":109438,"href":"https:\/\/vinasfm.com\/noticias\/wp-json\/wp\/v2\/posts\/109435\/revisions\/109438"}],"wp:featuredmedia":[{"embeddable":true,"href":"https:\/\/vinasfm.com\/noticias\/wp-json\/wp\/v2\/media\/109437"}],"wp:attachment":[{"href":"https:\/\/vinasfm.com\/noticias\/wp-json\/wp\/v2\/media?parent=109435"}],"wp:term":[{"taxonomy":"category","embeddable":true,"href":"https:\/\/vinasfm.com\/noticias\/wp-json\/wp\/v2\/categories?post=109435"},{"taxonomy":"post_tag","embeddable":true,"href":"https:\/\/vinasfm.com\/noticias\/wp-json\/wp\/v2\/tags?post=109435"}],"curies":[{"name":"wp","href":"https:\/\/api.w.org\/{rel}","templated":true}]}}