{"id":109393,"date":"2022-06-06T00:01:37","date_gmt":"2022-06-06T03:01:37","guid":{"rendered":"http:\/\/vinasfm.com\/noticias\/?p=109393"},"modified":"2022-06-06T11:02:42","modified_gmt":"2022-06-06T14:02:42","slug":"como-y-cuando-cobro-el-segundo-pago-del-refuerzo-de-ingresos","status":"publish","type":"post","link":"https:\/\/vinasfm.com\/noticias\/como-y-cuando-cobro-el-segundo-pago-del-refuerzo-de-ingresos\/","title":{"rendered":"C\u00d3MO Y CU\u00c1NDO COBRO EL SEGUNDO PAGO DEL REFUERZO DE INGRESOS"},"content":{"rendered":"<h4><strong><span style=\"color: #000000;\">La Administraci\u00f3n Nacional de Seguridad Social (ANSES) inform\u00f3 que en los pr\u00f3ximos d\u00edas comenzar\u00e1 a pagar la\u00a0segunda parte del Refuerzo de Ingresos.\u00a0<\/span><\/strong><\/h4>\n<p><span style=\"color: #000000;\">Si bien hace pocas horas complet\u00f3 el calendario de pago a los beneficiarios del primer bono, ANSES inform\u00f3\u00a0que el\u00a0<strong>mi\u00e9rcoles 15 de junio\u00a0<\/strong>comenzar\u00e1\u00a0el segundo pago del refuerzo para 7,5 millones de trabajadores informales, empleados de casas particulares, monotributistas sociales y monotributistas A y B.<\/span><\/p>\n<h4 class=\"h2\"><span style=\"color: #000000;\"><strong>Cu\u00e1ndo se cobra el segundo refuerzo en junio<\/strong><\/span><\/h4>\n<ul>\n<li><span style=\"color: #000000;\">Documentos terminados en 0 | Mi\u00e9rcoles 15 de junio<\/span><\/li>\n<li><span style=\"color: #000000;\">Documentos terminados en 1 | Jueves 16 de junio<\/span><\/li>\n<li><span style=\"color: #000000;\">Documentos terminados en 2 | Martes 21 de junio<\/span><\/li>\n<li><span style=\"color: #000000;\">Documentos terminados en 3 | Mi\u00e9rcoles 22 de junio<\/span><\/li>\n<li><span style=\"color: #000000;\">Documentos terminados en 4 | Jueves 23 de junio<\/span><\/li>\n<li><span style=\"color: #000000;\">Documentos terminados en 5 | Viernes\u00a0 24 de junio<\/span><\/li>\n<li><span style=\"color: #000000;\">Documentos terminados en 6 | Lunes 27 de junio<\/span><\/li>\n<li><span style=\"color: #000000;\">Documentos terminados en 7 | Martes\u00a0\u00a028 de junio<\/span><\/li>\n<li><span style=\"color: #000000;\">Documentos terminados en 8 | Mi\u00e9rcoles 29\u00a0de junio<\/span><\/li>\n<li><span style=\"color: #000000;\">Documentos terminados en 9 | Jueves 30 de junio<\/span><\/li>\n<\/ul>\n<p><span style=\"color: #000000;\">Cabe aclarar que las personas recibir\u00e1n el bono de $9000 en la\u00a0<strong>CBU<\/strong>\u00a0en la que cobraron la primera cuota y que informaron al momento de completar la inscripci\u00f3n<\/span><\/p>\n","protected":false},"excerpt":{"rendered":"<p>La Administraci\u00f3n Nacional de Seguridad Social (ANSES) inform\u00f3 que en los pr\u00f3ximos d\u00edas comenzar\u00e1 a pagar la\u00a0segunda parte del Refuerzo de &#8230;<\/p>\n","protected":false},"author":8,"featured_media":109395,"comment_status":"open","ping_status":"open","sticky":false,"template":"","format":"standard","meta":{"footnotes":""},"categories":[5,50],"tags":[],"class_list":["post-109393","post","type-post","status-publish","format-standard","has-post-thumbnail","hentry","category-actualidad","category-anses"],"_links":{"self":[{"href":"https:\/\/vinasfm.com\/noticias\/wp-json\/wp\/v2\/posts\/109393","targetHints":{"allow":["GET"]}}],"collection":[{"href":"https:\/\/vinasfm.com\/noticias\/wp-json\/wp\/v2\/posts"}],"about":[{"href":"https:\/\/vinasfm.com\/noticias\/wp-json\/wp\/v2\/types\/post"}],"author":[{"embeddable":true,"href":"https:\/\/vinasfm.com\/noticias\/wp-json\/wp\/v2\/users\/8"}],"replies":[{"embeddable":true,"href":"https:\/\/vinasfm.com\/noticias\/wp-json\/wp\/v2\/comments?post=109393"}],"version-history":[{"count":1,"href":"https:\/\/vinasfm.com\/noticias\/wp-json\/wp\/v2\/posts\/109393\/revisions"}],"predecessor-version":[{"id":109396,"href":"https:\/\/vinasfm.com\/noticias\/wp-json\/wp\/v2\/posts\/109393\/revisions\/109396"}],"wp:featuredmedia":[{"embeddable":true,"href":"https:\/\/vinasfm.com\/noticias\/wp-json\/wp\/v2\/media\/109395"}],"wp:attachment":[{"href":"https:\/\/vinasfm.com\/noticias\/wp-json\/wp\/v2\/media?parent=109393"}],"wp:term":[{"taxonomy":"category","embeddable":true,"href":"https:\/\/vinasfm.com\/noticias\/wp-json\/wp\/v2\/categories?post=109393"},{"taxonomy":"post_tag","embeddable":true,"href":"https:\/\/vinasfm.com\/noticias\/wp-json\/wp\/v2\/tags?post=109393"}],"curies":[{"name":"wp","href":"https:\/\/api.w.org\/{rel}","templated":true}]}}