{"id":109369,"date":"2022-06-06T00:01:27","date_gmt":"2022-06-06T03:01:27","guid":{"rendered":"http:\/\/vinasfm.com\/noticias\/?p=109369"},"modified":"2022-06-06T11:02:53","modified_gmt":"2022-06-06T14:02:53","slug":"en-alvear-se-reunieron-referentes-de-bromatologia-de-toda-la-provincia","status":"publish","type":"post","link":"https:\/\/vinasfm.com\/noticias\/en-alvear-se-reunieron-referentes-de-bromatologia-de-toda-la-provincia\/","title":{"rendered":"EN ALVEAR SE REUNIERON REFERENTES DE BROMATOLOG\u00cdA DE TODA LA PROVINCIA"},"content":{"rendered":"<h4><strong><span style=\"color: #000000;\">La Directora de Inspecci\u00f3n General Marcela Juri junto al Director del Departamento de Higiene de los Alimentos de la Provincia, Bromat\u00f3logo Daniel Rabino brindaron detalles acerca del tercer Encuentro de Bromatolog\u00eda de Mendoza.<\/span><\/strong><\/h4>\n<p><span style=\"color: #000000;\">La funcionaria municipal se\u00f1al\u00f3 que han venido referentes de Mendoza y de todos los departamentos de la Provincia al encuentro del Consejo bromatol\u00f3gico provincial, que cuenta con la presencia del <strong>Bromat\u00f3logo Daniel Rabino<\/strong>.<\/span><\/p>\n<p><span style=\"color: #000000;\">Por su parte, el<strong> Director del Departamento de Higiene de los Alimentos de la Provincia<\/strong> explic\u00f3 que el consejo est\u00e1 integrado por todas las oficinas de bromatolog\u00eda de todos los municipios. <em><strong>&#8216;Nos juntamos mensualmente para ver las problem\u00e1ticas de cada una, desde la Provincia nos sumamos, colaboramos y armamos un equipo \u00fanico de trabajo entre todos&#8217;.<\/strong><\/em><\/span><\/p>\n<p><em><strong><span style=\"color: #000000;\">&#8216;Hoy estamos viendo diversos temas: los primeros pasos para armar una red de laboratorios de bromatolog\u00eda a nivel municipal en Mendoza, para ver c\u00f3mo nos podemos apoyar, determinar necesidades y ver qui\u00e9n puede resolverla, ya sea una facultad, un instituto privado, una unidad acad\u00e9mica. Respecto a Celiaqu\u00eda, estamos encontrando inconvenientes en venta de productos que no est\u00e1n formalizados con el agravante de la enfermedad, porque todos los productos deben tener una autorizaci\u00f3n sanitaria para ser elaborados, que se refleja en el registro nacional de productos alimenticios, es decir, un n\u00famero que tienen todos los alimentos&#8217;.<\/span><\/strong><\/em><\/p>\n<p><span style=\"color: #000000;\">Otra de las tem\u00e1ticas abordadas en nuestro Departamento, tiene que ver con la posibilidad de hacer un convenio a nivel provincial con una empresa que va a reciclar aceites de fritura o vegetales de deshecho, para sacarlos de circuito una vez utilizados en la alimentaci\u00f3n y evitar que generen una contaminaci\u00f3n ambiental. la empresa se hace cargo del retiro en domicilio, por lo que se puede hacer un convenio con municipios o privados. &#8216;<strong>En este sentido, estamos dando los primeros pasos con medio ambiente de la Provincia&#8217;<\/strong>, concluy\u00f3 <strong>Daniel Rabino.<\/strong><\/span><\/p>\n<p><span style=\"color: #000000;\">\u2022C.F.<\/span><\/p>\n","protected":false},"excerpt":{"rendered":"<p>La Directora de Inspecci\u00f3n General Marcela Juri junto al Director del Departamento de Higiene de los Alimentos de la Provincia, Bromat\u00f3logo &#8230;<\/p>\n","protected":false},"author":7,"featured_media":109373,"comment_status":"open","ping_status":"open","sticky":false,"template":"","format":"standard","meta":{"footnotes":""},"categories":[1],"tags":[],"class_list":["post-109369","post","type-post","status-publish","format-standard","has-post-thumbnail","hentry","category-fmvinas"],"_links":{"self":[{"href":"https:\/\/vinasfm.com\/noticias\/wp-json\/wp\/v2\/posts\/109369","targetHints":{"allow":["GET"]}}],"collection":[{"href":"https:\/\/vinasfm.com\/noticias\/wp-json\/wp\/v2\/posts"}],"about":[{"href":"https:\/\/vinasfm.com\/noticias\/wp-json\/wp\/v2\/types\/post"}],"author":[{"embeddable":true,"href":"https:\/\/vinasfm.com\/noticias\/wp-json\/wp\/v2\/users\/7"}],"replies":[{"embeddable":true,"href":"https:\/\/vinasfm.com\/noticias\/wp-json\/wp\/v2\/comments?post=109369"}],"version-history":[{"count":4,"href":"https:\/\/vinasfm.com\/noticias\/wp-json\/wp\/v2\/posts\/109369\/revisions"}],"predecessor-version":[{"id":109407,"href":"https:\/\/vinasfm.com\/noticias\/wp-json\/wp\/v2\/posts\/109369\/revisions\/109407"}],"wp:featuredmedia":[{"embeddable":true,"href":"https:\/\/vinasfm.com\/noticias\/wp-json\/wp\/v2\/media\/109373"}],"wp:attachment":[{"href":"https:\/\/vinasfm.com\/noticias\/wp-json\/wp\/v2\/media?parent=109369"}],"wp:term":[{"taxonomy":"category","embeddable":true,"href":"https:\/\/vinasfm.com\/noticias\/wp-json\/wp\/v2\/categories?post=109369"},{"taxonomy":"post_tag","embeddable":true,"href":"https:\/\/vinasfm.com\/noticias\/wp-json\/wp\/v2\/tags?post=109369"}],"curies":[{"name":"wp","href":"https:\/\/api.w.org\/{rel}","templated":true}]}}