{"id":109359,"date":"2022-06-06T23:02:16","date_gmt":"2022-06-07T02:02:16","guid":{"rendered":"http:\/\/vinasfm.com\/noticias\/?p=109359"},"modified":"2022-06-08T10:13:32","modified_gmt":"2022-06-08T13:13:32","slug":"numerosas-actividades-con-alumnos-de-primaria-por-el-dia-mundial-del-ambiente","status":"publish","type":"post","link":"https:\/\/vinasfm.com\/noticias\/numerosas-actividades-con-alumnos-de-primaria-por-el-dia-mundial-del-ambiente\/","title":{"rendered":"NUMEROSAS ACTIVIDADES CON ALUMNOS DE PRIMARIA POR EL D\u00cdA MUNDIAL DEL AMBIENTE"},"content":{"rendered":"<h4><strong><span style=\"color: #000000;\">El Director de Gesti\u00f3n Ambiental Rainero Caterbetti junto al Asesor de Ni\u00f1ez, Juventud y Adolescencia Daniel Quiles explicaron las actividades organizadas en el marco del D\u00eda Mundial del Ambiente.<\/span><\/strong><\/h4>\n<p><span style=\"color: #000000;\"><em><strong>&#8216;Estamos celebrando de manera anticipada el D\u00eda Mundial del Ambiente, a 50 a\u00f1os de la conferencia de las Naciones Unidas sobre el Medio Humano en Estocolmo. En 2022 el lema de la ONU es Una sola tierra, un concepto cabal, tenemos una sola casa, toda la humanidad se ha desarrollado en un solo lugar, el Planeta Tierra. Depende de nosotros cu\u00e1l va a ser el destino del mismo, el camino est\u00e1 en la sustentabilidad y en el desarrollo sostenible, en buscar c\u00f3mo nos vamos a desarrollando, pensando en c\u00f3mo lo van a poder hacer las generaciones venideras. Resulta fundamental poder congeniar un consumo responsable y una econom\u00eda circular, teniendo en cuenta la extracci\u00f3n de recursos naturales y el desarrollo de las generaciones futuras&#8217;<\/strong><\/em>, detall\u00f3 <strong>Catterbeti<\/strong> y agreg\u00f3, <em><strong>&#8216;Los ni\u00f1os son el futuro y el futuro de la tierra tambi\u00e9n depende de ellos. Por eso, hemos organizado gran cantidad de actividades para brindarles un mensaje&#8217;.<\/strong><\/em><\/span><\/p>\n<p><span style=\"color: #000000;\">Por su parte, el Asesor de Ni\u00f1ez, Juventud y Adolescencia destac\u00f3 que invitaron a las escuelas primarias para que repliquen en sus casas todos los h\u00e1bitos ambientales que incorporen en el d\u00eda de hoy.<\/span><\/p>\n<p><span style=\"color: #000000;\">Para que pasen fr\u00edo los participantes, durante la ma\u00f1ana de hoy, las actividades fueron desarrolladas en el Teatro Antonio Lafalla: <strong>Presentaci\u00f3n de Freestyle: Rap Ambiental<\/strong>, <strong>Presentaci\u00f3n del Proyecto de Olimpiadas sustentables, obra de teatro Divertimundos<\/strong> a cargo del P<strong>rofesor Sergio Mart\u00ednez<\/strong>, <strong>Ecocanje<\/strong>, sorteos, <strong>Taller de Compostaje<\/strong>, Taller de Arte, Taller Deportivo, Taller de Cer\u00e1mica, <strong>Exposici\u00f3n de Emprendedores<\/strong> que desarrollan su negocio con <strong>Materiales Reciclados, Exposici\u00f3n de Escuela de Agricultura y Escuela T\u00e9cnica.<\/strong><\/span><\/p>\n<p><span style=\"color: #000000;\">\u2022C.F.<\/span><\/p>\n","protected":false},"excerpt":{"rendered":"<p>El Director de Gesti\u00f3n Ambiental Rainero Caterbetti junto al Asesor de Ni\u00f1ez, Juventud y Adolescencia Daniel Quiles explicaron las actividades organizadas &#8230;<\/p>\n","protected":false},"author":7,"featured_media":109364,"comment_status":"open","ping_status":"open","sticky":false,"template":"","format":"standard","meta":{"footnotes":""},"categories":[5,34],"tags":[],"class_list":["post-109359","post","type-post","status-publish","format-standard","has-post-thumbnail","hentry","category-actualidad","category-medio-ambiente"],"_links":{"self":[{"href":"https:\/\/vinasfm.com\/noticias\/wp-json\/wp\/v2\/posts\/109359","targetHints":{"allow":["GET"]}}],"collection":[{"href":"https:\/\/vinasfm.com\/noticias\/wp-json\/wp\/v2\/posts"}],"about":[{"href":"https:\/\/vinasfm.com\/noticias\/wp-json\/wp\/v2\/types\/post"}],"author":[{"embeddable":true,"href":"https:\/\/vinasfm.com\/noticias\/wp-json\/wp\/v2\/users\/7"}],"replies":[{"embeddable":true,"href":"https:\/\/vinasfm.com\/noticias\/wp-json\/wp\/v2\/comments?post=109359"}],"version-history":[{"count":3,"href":"https:\/\/vinasfm.com\/noticias\/wp-json\/wp\/v2\/posts\/109359\/revisions"}],"predecessor-version":[{"id":109404,"href":"https:\/\/vinasfm.com\/noticias\/wp-json\/wp\/v2\/posts\/109359\/revisions\/109404"}],"wp:featuredmedia":[{"embeddable":true,"href":"https:\/\/vinasfm.com\/noticias\/wp-json\/wp\/v2\/media\/109364"}],"wp:attachment":[{"href":"https:\/\/vinasfm.com\/noticias\/wp-json\/wp\/v2\/media?parent=109359"}],"wp:term":[{"taxonomy":"category","embeddable":true,"href":"https:\/\/vinasfm.com\/noticias\/wp-json\/wp\/v2\/categories?post=109359"},{"taxonomy":"post_tag","embeddable":true,"href":"https:\/\/vinasfm.com\/noticias\/wp-json\/wp\/v2\/tags?post=109359"}],"curies":[{"name":"wp","href":"https:\/\/api.w.org\/{rel}","templated":true}]}}