{"id":109349,"date":"2022-06-03T10:47:46","date_gmt":"2022-06-03T13:47:46","guid":{"rendered":"http:\/\/vinasfm.com\/noticias\/?p=109349"},"modified":"2022-06-04T10:48:43","modified_gmt":"2022-06-04T13:48:43","slug":"los-jardines-maternales-municipales-continuan-celebrando-el-dia-de-los-jardines-y-las-maestras-jardineras","status":"publish","type":"post","link":"https:\/\/vinasfm.com\/noticias\/los-jardines-maternales-municipales-continuan-celebrando-el-dia-de-los-jardines-y-las-maestras-jardineras\/","title":{"rendered":"LOS JARDINES MATERNALES MUNICIPALES CONTIN\u00daAN CELEBRANDO EL D\u00cdA DE LOS JARDINES Y LAS MAESTRAS JARDINERAS"},"content":{"rendered":"<h4><span style=\"color: #000000;\">Contin\u00faan las divertidas actividades de los festejos por el D\u00eda de los Jardines y las Maestras Jardineras. Este jueves fue el turno de agasajar a ni\u00f1os y docentes del JCM N\u00b0 194 \u201cLuna de Papel\u201d en el Polideportivo de San Pedro del Atuel, JCM \u201cOjos de Cielo\u201d en el CIC de Barrio Soemga y al JCM N\u00b0239 \u201cEstrellitas de Colores\u201d en SUM de Barrio Los Ranqueles.<\/span><\/h4>\n<p><span style=\"color: #000000;\">La <strong>Directora de Educaci\u00f3n Roxana Molero<\/strong> destac\u00f3 el positivo balance que han tenido los festejos en los <strong>Jardines Maternales Municipales<\/strong>, que se realizaron en el marco del <strong>D\u00eda de los Jardines y las Maestras Jardinera<\/strong>s, <em><strong>&#8216;Tanto ni\u00f1os como pap\u00e1s han participado, lo que demuestra el continuo compromiso con la instituci\u00f3n y el reconocimiento hacia el trabajo de las docentes&#8217;<\/strong> <\/em>explic\u00f3 la funcionaria, quien asegur\u00f3 que se sigue trabajando en cada instituci\u00f3n, siempre reconociendo el trabajo de las docentes que est\u00e1n al tanto de absolutamente todo lo que ocurre con cada ni\u00f1o.<\/span><\/p>\n<p><span style=\"color: #000000;\"><strong>Ivana Castro, directora del Jard\u00edn JCM N\u00b0 194 \u201cLuna de Papel<\/strong>, remarc\u00f3 la importancia de trabajar con la primera infancia y el esfuerzo que realiza el Municipio en este sentido,<strong><em> &#8216;La idea es generar confianza en los padres cuando tienen que ir a trabajar, cubriendo las necesidades que surgen, por eso somos un servicio de apoyo a las familias, siempre teniendo en cuenta lo educativo&#8217;.<\/em><\/strong><\/span><\/p>\n<p><span style=\"color: #000000;\">Gabriela, mam\u00e1 de Olivia, una alumna de 2 a\u00f1os del jard\u00edn\u00a0 JCM N\u00b0 194 <em><strong>&#8216;Luna de Papel, remarc\u00f3 la necesidad de contar con estos espacios: \u201cDesde el primer d\u00eda mi hija se quer\u00eda quedar, uno a veces no cree que va a ser as\u00ed, pero esto te hace dar cuenta que ac\u00e1 est\u00e1n contenidos y aprenden cosas permanentemente&#8217;.<\/strong><\/em><\/span><\/p>\n<p><span style=\"color: #000000;\">Los festejos tambi\u00e9n se realizaron en el<strong> jard\u00edn JCM N\u00b0239 \u201cEstrellitas de Colores\u201d<\/strong>,<strong> su directora, Patricia Corval\u00e1n<\/strong>, indic\u00f3, <em><strong>&#8216;Estamos en el CIC de Los Ranqueles, un lugar muy lindo para este tipo de eventos, contamos con una comunidad que te recibe con los brazos abiertos y con la que se puede trabajar. Es de suma necesidad que los padres cuenten con un espacio donde sus hijos est\u00e9n contenidos, y esto es una retroalimentaci\u00f3n constante ya que nosotros tambi\u00e9n nos nutrimos de su confianza&#8217;.<\/strong><\/em><\/span><\/p>\n","protected":false},"excerpt":{"rendered":"<p>Contin\u00faan las divertidas actividades de los festejos por el D\u00eda de los Jardines y las Maestras Jardineras. Este jueves fue el &#8230;<\/p>\n","protected":false},"author":7,"featured_media":109351,"comment_status":"open","ping_status":"open","sticky":false,"template":"","format":"standard","meta":{"footnotes":""},"categories":[5,18],"tags":[],"class_list":["post-109349","post","type-post","status-publish","format-standard","has-post-thumbnail","hentry","category-actualidad","category-educacion"],"_links":{"self":[{"href":"https:\/\/vinasfm.com\/noticias\/wp-json\/wp\/v2\/posts\/109349","targetHints":{"allow":["GET"]}}],"collection":[{"href":"https:\/\/vinasfm.com\/noticias\/wp-json\/wp\/v2\/posts"}],"about":[{"href":"https:\/\/vinasfm.com\/noticias\/wp-json\/wp\/v2\/types\/post"}],"author":[{"embeddable":true,"href":"https:\/\/vinasfm.com\/noticias\/wp-json\/wp\/v2\/users\/7"}],"replies":[{"embeddable":true,"href":"https:\/\/vinasfm.com\/noticias\/wp-json\/wp\/v2\/comments?post=109349"}],"version-history":[{"count":1,"href":"https:\/\/vinasfm.com\/noticias\/wp-json\/wp\/v2\/posts\/109349\/revisions"}],"predecessor-version":[{"id":109350,"href":"https:\/\/vinasfm.com\/noticias\/wp-json\/wp\/v2\/posts\/109349\/revisions\/109350"}],"wp:featuredmedia":[{"embeddable":true,"href":"https:\/\/vinasfm.com\/noticias\/wp-json\/wp\/v2\/media\/109351"}],"wp:attachment":[{"href":"https:\/\/vinasfm.com\/noticias\/wp-json\/wp\/v2\/media?parent=109349"}],"wp:term":[{"taxonomy":"category","embeddable":true,"href":"https:\/\/vinasfm.com\/noticias\/wp-json\/wp\/v2\/categories?post=109349"},{"taxonomy":"post_tag","embeddable":true,"href":"https:\/\/vinasfm.com\/noticias\/wp-json\/wp\/v2\/tags?post=109349"}],"curies":[{"name":"wp","href":"https:\/\/api.w.org\/{rel}","templated":true}]}}