{"id":109335,"date":"2022-06-04T10:08:32","date_gmt":"2022-06-04T13:08:32","guid":{"rendered":"http:\/\/vinasfm.com\/noticias\/?p=109335"},"modified":"2022-06-06T11:03:02","modified_gmt":"2022-06-06T14:03:02","slug":"se-establecieron-actividades-para-celebrar-el-dia-mundial-del-medio-ambiente","status":"publish","type":"post","link":"https:\/\/vinasfm.com\/noticias\/se-establecieron-actividades-para-celebrar-el-dia-mundial-del-medio-ambiente\/","title":{"rendered":"SE ESTABLECIERON ACTIVIDADES PARA CELEBRAR EL D\u00cdA MUNDIAL DEL MEDIO AMBIENTE"},"content":{"rendered":"<p><strong>Ayer viernes 3 de junio se celebro anticipadamente el D\u00eda Mundial Del Medio Ambiente, celebrando los 50 a\u00f1os de la conferencia de Estocolmo donde se comenz\u00f3 a hablar de todas las cuestiones ambientales<\/strong><\/p>\n<p>Este a\u00f1o la ONU (Organizaci\u00f3n de las Naciones Unidas) a nombrado a la tierra como \u00abUna sola tierra\u00bb la cual depende de nosotros para su futuro. Desde el 5 de junio de 1974 se celebra el D\u00eda Mundial del Medio Ambiente, fecha establecida por la Organizaci\u00f3n Mundial de las Naciones Unidas , mediante la resoluci\u00f3n implementada en la Conferencia de Estocolmo el 15 de diciembre de 1972.<\/p>\n<p>Daniel Quiles (Asesor de Ni\u00f1ez, Adolescencia y Juventud) explic\u00f3 el mensaje que quieran plasmar en los mas peque\u00f1os<strong> \u00abLos ni\u00f1os son el futuro, invitamos a muchas escuelas a realizar muchas actividades, con la asesor\u00eda de la juventud buscamos establecer un mensaje en estos ni\u00f1os de una forma amigable para que entiendan que la madre tierra tambi\u00e9n depende de ellos\u00bb\u00a0<\/strong>fue su dialogo con <strong>F.M VI\u00d1AS<\/strong><\/p>\n<p>Se propuso una obra de teatro en el anfiteatro Antonio Lafalle con el profesor Sergio Mart\u00ednez titulada \u00abDivertimundo\u00bb apuntando a algo tan importante como lo es el reciclaje y nuestra tierra en la cual vivimos y es la \u00fanica que tenemos.<\/p>\n<p>L.L<\/p>\n","protected":false},"excerpt":{"rendered":"<p>Ayer viernes 3 de junio se celebro anticipadamente el D\u00eda Mundial Del Medio Ambiente, celebrando los 50 a\u00f1os de la conferencia &#8230;<\/p>\n","protected":false},"author":7,"featured_media":109342,"comment_status":"open","ping_status":"open","sticky":false,"template":"","format":"standard","meta":{"footnotes":""},"categories":[5,34],"tags":[],"class_list":["post-109335","post","type-post","status-publish","format-standard","has-post-thumbnail","hentry","category-actualidad","category-medio-ambiente"],"_links":{"self":[{"href":"https:\/\/vinasfm.com\/noticias\/wp-json\/wp\/v2\/posts\/109335","targetHints":{"allow":["GET"]}}],"collection":[{"href":"https:\/\/vinasfm.com\/noticias\/wp-json\/wp\/v2\/posts"}],"about":[{"href":"https:\/\/vinasfm.com\/noticias\/wp-json\/wp\/v2\/types\/post"}],"author":[{"embeddable":true,"href":"https:\/\/vinasfm.com\/noticias\/wp-json\/wp\/v2\/users\/7"}],"replies":[{"embeddable":true,"href":"https:\/\/vinasfm.com\/noticias\/wp-json\/wp\/v2\/comments?post=109335"}],"version-history":[{"count":2,"href":"https:\/\/vinasfm.com\/noticias\/wp-json\/wp\/v2\/posts\/109335\/revisions"}],"predecessor-version":[{"id":109344,"href":"https:\/\/vinasfm.com\/noticias\/wp-json\/wp\/v2\/posts\/109335\/revisions\/109344"}],"wp:featuredmedia":[{"embeddable":true,"href":"https:\/\/vinasfm.com\/noticias\/wp-json\/wp\/v2\/media\/109342"}],"wp:attachment":[{"href":"https:\/\/vinasfm.com\/noticias\/wp-json\/wp\/v2\/media?parent=109335"}],"wp:term":[{"taxonomy":"category","embeddable":true,"href":"https:\/\/vinasfm.com\/noticias\/wp-json\/wp\/v2\/categories?post=109335"},{"taxonomy":"post_tag","embeddable":true,"href":"https:\/\/vinasfm.com\/noticias\/wp-json\/wp\/v2\/tags?post=109335"}],"curies":[{"name":"wp","href":"https:\/\/api.w.org\/{rel}","templated":true}]}}