{"id":109322,"date":"2022-06-03T23:10:47","date_gmt":"2022-06-04T02:10:47","guid":{"rendered":"http:\/\/vinasfm.com\/noticias\/?p=109322"},"modified":"2022-06-06T10:19:00","modified_gmt":"2022-06-06T13:19:00","slug":"aguinaldo-2022-cuando-se-cobra-y-quienes-lo-reciben","status":"publish","type":"post","link":"https:\/\/vinasfm.com\/noticias\/aguinaldo-2022-cuando-se-cobra-y-quienes-lo-reciben\/","title":{"rendered":"AGUINALDO 2022: \u00bfCU\u00c1NDO SE COBRA Y QUI\u00c9NES LO RECIBEN?"},"content":{"rendered":"<h4><span style=\"color: #000000;\"><strong>Arranc\u00f3 junio y no solo se pone en marcha el\u00a0calendario de pagos de ANSES\u00a0para todos sus beneficiarios, sino que adem\u00e1s se acerca el pago del\u00a0Sueldo Anual Complementario (SAC), m\u00e1s conocido como\u00a0aguinaldo.<\/strong><\/span><\/h4>\n<p><span style=\"color: #000000;\">Este mes se abona la primera cuota, ya que se cobra dos veces al a\u00f1o, y millones de titulares de alguna prestaci\u00f3n, plan o programa social lo van a recibir. En esta nota te contamos cu\u00e1ndo cobra cada uno y cu\u00e1l es el monto.<\/span><\/p>\n<h4 class=\"h2\"><span style=\"color: #000000;\"><strong>C\u00f3mo calcular el aguinaldo 2022<\/strong><\/span><\/h4>\n<p><span style=\"color: #000000;\">El SAC se divide en dos pagos: un\u00a0<strong>medio aguinaldo en junio<\/strong>\u00a0y otro en diciembre. Cada medio corresponde al 50% de la mayor remuneraci\u00f3n mensual, o sea la\u00a0<strong>mitad del mejor sueldo o haber percibido<\/strong>, que en este caso ser\u00e1 el de junio porque tiene aumento.<\/span><\/p>\n<p><span style=\"color: #000000;\">Para calcular el aguinaldo, hay que\u00a0<strong>dividir el salario por los 12 meses del a\u00f1o y multiplicarlo por los meses<\/strong>\u00a0trabajados\u00a0hasta junio. Por ejemplo, jubilaci\u00f3n de $37.525 \/12 x 4 meses (de marzo a junio). De todas formas, en el caso de los jubilados y pensionados no son meses trabajados.<\/span><\/p>\n<h4 class=\"h2\"><span style=\"color: #000000;\"><strong>Qui\u00e9nes lo reciben en junio<\/strong><\/span><\/h4>\n<ul>\n<li><span style=\"color: #000000;\">Jubilados<\/span><\/li>\n<li><span style=\"color: #000000;\">Pensionados<\/span><\/li>\n<li><span style=\"color: #000000;\">Pensiones No Contributivas (PNC)<\/span><\/li>\n<li><span style=\"color: #000000;\">Asignaci\u00f3n Familiar por Hijo (SUAF) &#x27a1; no lo cobra por ANSES, sino por su trabajo en relaci\u00f3n de dependencia<\/span><\/li>\n<li><span style=\"color: #000000;\">Potenciar Trabajo\u00a0&#x27a1; puede cobrarlo en junio o en julio y a\u00fan no se confirm\u00f3<\/span><\/li>\n<\/ul>\n<div class=\"link_nota_propia\">\n<article class=\"nota nota--horizontal\">\n<div class=\"aux\">\n<div class=\"nota__data\"><\/div>\n<\/div>\n<\/article>\n<\/div>\n<h4 class=\"h2\"><span style=\"color: #000000;\"><strong>Cu\u00e1ndo y c\u00f3mo se paga el aguinaldo<\/strong><\/span><\/h4>\n<p><span style=\"color: #000000;\">En el caso de los\u00a0<strong>jubilados, pensionados y PNC lo cobran en la misma cuenta donde reciben sus haberes<\/strong>\u00a0y en las mismas fechas seg\u00fan el calendario de ANSES por terminaci\u00f3n de documento, es decir que van a percibir todo junto con aumento y aguinaldo. Las fechas de cobro con el aguinaldo son:<\/span><\/p>\n<h4 class=\"h3\"><span style=\"color: #000000;\"><strong>Pensiones No Contributivas (PNC)<\/strong><\/span><\/h4>\n<ul>\n<li><span style=\"color: #000000;\">DNI terminados en 0 y 1 &#x27a1; mi\u00e9rcoles 1 de junio<\/span><\/li>\n<li><span style=\"color: #000000;\">DNI terminados en 2 y 3\u00a0&#x27a1; jueves 2 de junio<\/span><\/li>\n<li><span style=\"color: #000000;\">DNI terminados en 4 y 5\u00a0&#x27a1; viernes 3 de junio<\/span><\/li>\n<li><span style=\"color: #000000;\">DNI terminados en 6 y 7\u00a0&#x27a1; lunes 6 de junio<\/span><\/li>\n<li><span style=\"color: #000000;\">DNI terminados en\u00a0 8 y 9\u00a0&#x27a1; martes 7 de junio<\/span><\/li>\n<\/ul>\n<h4 class=\"h3\"><span style=\"color: #000000;\"><strong>Jubilados que no superan la suma de $42.178<\/strong><\/span><\/h4>\n<ul>\n<li><span style=\"color: #000000;\">DNI terminados en 0 &#x27a1; mi\u00e9rcoles 8 de junio<\/span><\/li>\n<li><span style=\"color: #000000;\">DNI terminados en 1\u00a0&#x27a1; jueves 9 de junio<\/span><\/li>\n<li><span style=\"color: #000000;\">DNI terminados en 2\u00a0&#x27a1; viernes 10 de junio<\/span><\/li>\n<li><span style=\"color: #000000;\">DNI terminados en 3\u00a0&#x27a1; lunes 13 de junio<\/span><\/li>\n<li><span style=\"color: #000000;\">DNI terminados en 4\u00a0&#x27a1; martes 14 de junio<\/span><\/li>\n<li><span style=\"color: #000000;\">DNI terminados en 5\u00a0&#x27a1; mi\u00e9rcoles 15 de junio<\/span><\/li>\n<li><span style=\"color: #000000;\">DNI terminados en 6\u00a0&#x27a1; jueves 16 de junio<\/span><\/li>\n<li><span style=\"color: #000000;\">DNI terminados en 7\u00a0&#x27a1; jueves 16 de junio<\/span><\/li>\n<li><span style=\"color: #000000;\">DNI terminados en 8\u00a0&#x27a1; martes 21 de junio<\/span><\/li>\n<li><span style=\"color: #000000;\">DNI terminados en 9\u00a0&#x27a1; mi\u00e9rcoles 22 de junio<\/span><\/li>\n<\/ul>\n<h4 class=\"h3\"><span style=\"color: #000000;\"><strong>Jubilados que superan la suma de $42.178<\/strong><\/span><\/h4>\n<ul>\n<li><span style=\"color: #000000;\">DNI terminados en 0 y 1\u00a0&#x27a1; jueves 23 de junio<\/span><\/li>\n<li><span style=\"color: #000000;\">DNI terminados en 2 y 3\u00a0&#x27a1; viernes 24 de junio<\/span><\/li>\n<li><span style=\"color: #000000;\">DNI terminados en 4 y 5\u00a0&#x27a1; lunes 27 de junio<\/span><\/li>\n<li><span style=\"color: #000000;\">DNI terminados en 6 y 7\u00a0&#x27a1; martes 28 de junio<\/span><\/li>\n<li><span style=\"color: #000000;\">DNI terminados en 8 y 9\u00a0&#x27a1; mi\u00e9rcoles 29 de junio<\/span><\/li>\n<\/ul>\n<h4 class=\"h2\"><span style=\"color: #000000;\"><strong>Cu\u00e1nto se cobra en junio con este adicional<\/strong><\/span><\/h4>\n<p><span style=\"color: #000000;\">En junio se cobra con el\u00a0<strong>15% de aumento por Ley de Movilidad<\/strong>, aguinaldo y otros pagos adicionales como el plan alimentario de PAMI para quien corresponda, o bien la Tarjeta Alimentar para PNC Madres de 7 hijos.<\/span><\/p>\n<ul>\n<li><span style=\"color: #000000;\">Jubilaci\u00f3n m\u00ednima &gt; $37.525 con aumento +\u00a0$18.762,50 de aguinaldo &gt;\u00a0<strong>$56.827<\/strong><\/span><\/li>\n<li><span style=\"color: #000000;\">Dos haberes (jubilaci\u00f3n y pensi\u00f3n) m\u00ednimos &gt; $75.050 con aumento + aguinaldo &gt;\u00a0<strong>$112.574<\/strong>\u00a0aproximadamente<\/span><\/li>\n<li><span style=\"color: #000000;\">Jubilaci\u00f3n m\u00e1xima &gt;\u00a0$252.508 + aguinaldo<\/span><\/li>\n<li><span style=\"color: #000000;\">PNC Madres de 7 hijos &gt; $37.525 + Tarjeta Alimentar (puede ser con o sin aumento, ya que no estar\u00eda confirmado para la pensi\u00f3n) y $18.762,50 de aguinaldo &gt;\u00a0<strong>$56.287,50\u00a0<\/strong>(m\u00e1s tarjeta alimentaria)<\/span><\/li>\n<li><span style=\"color: #000000;\">PNC por invalidez &gt; $26.268 + $13.134 &gt;\u00a0<strong>$39.402<\/strong><\/span><\/li>\n<li><span style=\"color: #000000;\">Pensi\u00f3n Universal para el Adulto Mayor (PUAM) &gt; $30.020 + $15.010 &gt;\u00a0<strong>$45.030<\/strong><\/span><\/li>\n<\/ul>\n<h4 class=\"h2\"><span style=\"color: #000000;\"><strong>Cu\u00e1ndo cobra Potenciar Trabajo en junio<\/strong><\/span><\/h4>\n<p><span style=\"color: #000000;\">Salvo para los jubilados y pensionados, que reciben el SAC junto a los haberes, generalmente se paga en la \u00faltima jornada laboral de junio. Sin embargo,\u00a0<strong>Potenciar Trabajo<\/strong>\u00a0ya ha pasado por diferentes fechas en otros momentos.<\/span><\/p>\n<p><span style=\"color: #000000;\">En ese sentido, puede que cobre el\u00a0<strong>aguinaldo en junio o durante los primeros d\u00edas de julio, si desde Desarrollo Social confirman el pago<\/strong>. Sobre la fecha de cobro del programa este mes, se adelant\u00f3 al viernes 3 de junio porque el 5 es domingo y por lo tanto un d\u00eda no h\u00e1bil.<\/span><\/p>\n<p><span style=\"color: #000000;\"><strong>Importante:<\/strong>\u00a0el aumento de Potenciar Trabajo impactar\u00e1 en el cobro de julio.<\/span><\/p>\n<h4 class=\"h2\"><span style=\"color: #000000;\"><strong>\u00bfHay m\u00e1s pagos extra en junio?<\/strong><\/span><\/h4>\n<p><span style=\"color: #000000;\">Al aguinaldo y los aumentos se suma principalmente la\u00a0<strong>segunda cuota del refuerzo de ingresos<\/strong>\u00a0para todas las personas que fueron aprobadas y otros adicionales como complemento para SUAF, Tarjeta Alimentar para AUH y AUE, el Plan Mi Pieza y\u00a0<strong>Fomentar Empleo<\/strong>, entre otros.<\/span><\/p>\n","protected":false},"excerpt":{"rendered":"<p>Arranc\u00f3 junio y no solo se pone en marcha el\u00a0calendario de pagos de ANSES\u00a0para todos sus beneficiarios, sino que adem\u00e1s se &#8230;<\/p>\n","protected":false},"author":8,"featured_media":66167,"comment_status":"open","ping_status":"open","sticky":false,"template":"","format":"standard","meta":{"footnotes":""},"categories":[5,50],"tags":[],"class_list":["post-109322","post","type-post","status-publish","format-standard","has-post-thumbnail","hentry","category-actualidad","category-anses"],"_links":{"self":[{"href":"https:\/\/vinasfm.com\/noticias\/wp-json\/wp\/v2\/posts\/109322","targetHints":{"allow":["GET"]}}],"collection":[{"href":"https:\/\/vinasfm.com\/noticias\/wp-json\/wp\/v2\/posts"}],"about":[{"href":"https:\/\/vinasfm.com\/noticias\/wp-json\/wp\/v2\/types\/post"}],"author":[{"embeddable":true,"href":"https:\/\/vinasfm.com\/noticias\/wp-json\/wp\/v2\/users\/8"}],"replies":[{"embeddable":true,"href":"https:\/\/vinasfm.com\/noticias\/wp-json\/wp\/v2\/comments?post=109322"}],"version-history":[{"count":3,"href":"https:\/\/vinasfm.com\/noticias\/wp-json\/wp\/v2\/posts\/109322\/revisions"}],"predecessor-version":[{"id":109327,"href":"https:\/\/vinasfm.com\/noticias\/wp-json\/wp\/v2\/posts\/109322\/revisions\/109327"}],"wp:featuredmedia":[{"embeddable":true,"href":"https:\/\/vinasfm.com\/noticias\/wp-json\/wp\/v2\/media\/66167"}],"wp:attachment":[{"href":"https:\/\/vinasfm.com\/noticias\/wp-json\/wp\/v2\/media?parent=109322"}],"wp:term":[{"taxonomy":"category","embeddable":true,"href":"https:\/\/vinasfm.com\/noticias\/wp-json\/wp\/v2\/categories?post=109322"},{"taxonomy":"post_tag","embeddable":true,"href":"https:\/\/vinasfm.com\/noticias\/wp-json\/wp\/v2\/tags?post=109322"}],"curies":[{"name":"wp","href":"https:\/\/api.w.org\/{rel}","templated":true}]}}