{"id":109286,"date":"2022-06-03T00:01:37","date_gmt":"2022-06-03T03:01:37","guid":{"rendered":"http:\/\/vinasfm.com\/noticias\/?p=109286"},"modified":"2022-06-06T10:19:50","modified_gmt":"2022-06-06T13:19:50","slug":"alvear-celebro-el-dia-de-la-republica-italiana","status":"publish","type":"post","link":"https:\/\/vinasfm.com\/noticias\/alvear-celebro-el-dia-de-la-republica-italiana\/","title":{"rendered":"SE CELEBR\u00d3 EL D\u00cdA DE LA REP\u00daBLICA ITALIANA"},"content":{"rendered":"<h4><span style=\"color: #000000;\"><strong>El Secretario de Gobierno Mariano Varela asisti\u00f3 al Acto conmemorativo del D\u00eda de la Rep\u00fablica Italiana, que tradicionalmente se realiza en la Plazoleta Italia, ubicada en Diagonal Carlos Pellegrini e intersecci\u00f3n con calle Lavalle.<\/strong><\/span><\/h4>\n<p><span style=\"color: #000000;\">Este jueves 2 de junio se celebra el <strong>D\u00eda de la Rep\u00fablica Italiana<\/strong>, en tanto que el 3 de junio, es el <strong>D\u00eda del inmigrante italiano<\/strong>, sin dudas dos fechas muy caras a los sentimientos de los alvearenses, teniendo en cuenta el n\u00famero de inmigrantes y descendientes que hay en General Alvear.<\/span><\/p>\n<p><span style=\"color: #000000;\">\u201c<strong><em>Estamos presentes en un acto con toda la colectividad italiana, recordando que Alvear es un crisol de razas, tenemos muchas colectividades y una de las m\u00e1s importante es la italiana, que tiene su plazoleta<\/em><\/strong>\u201d, dijo el Secretario de Gobierno Mariano Varela.<\/span><\/p>\n<p><span style=\"color: #000000;\">Como siempre, el municipio se hizo presente con la Banda municipal y las banderas de ceremonia, tambi\u00e9n participaron el coro y se pudo disfrutar de las danzas t\u00edpicas de la sociedad italiana: \u201c<strong><em>Es fruct\u00edfero que los italianos hayan elegido Argentina para que seamos un pueblo con historia. La Sociedad italiana siempre ha estado presente con muchas actividades tradicionales y son parte del crecimiento del Departamento<\/em><\/strong>\u201d, concluy\u00f3 Varela.<\/span><\/p>\n","protected":false},"excerpt":{"rendered":"<p>El Secretario de Gobierno Mariano Varela asisti\u00f3 al Acto conmemorativo del D\u00eda de la Rep\u00fablica Italiana, que tradicionalmente se realiza en &#8230;<\/p>\n","protected":false},"author":8,"featured_media":109290,"comment_status":"open","ping_status":"open","sticky":false,"template":"","format":"standard","meta":{"footnotes":""},"categories":[5,10],"tags":[],"class_list":["post-109286","post","type-post","status-publish","format-standard","has-post-thumbnail","hentry","category-actualidad","category-destacadas"],"_links":{"self":[{"href":"https:\/\/vinasfm.com\/noticias\/wp-json\/wp\/v2\/posts\/109286","targetHints":{"allow":["GET"]}}],"collection":[{"href":"https:\/\/vinasfm.com\/noticias\/wp-json\/wp\/v2\/posts"}],"about":[{"href":"https:\/\/vinasfm.com\/noticias\/wp-json\/wp\/v2\/types\/post"}],"author":[{"embeddable":true,"href":"https:\/\/vinasfm.com\/noticias\/wp-json\/wp\/v2\/users\/8"}],"replies":[{"embeddable":true,"href":"https:\/\/vinasfm.com\/noticias\/wp-json\/wp\/v2\/comments?post=109286"}],"version-history":[{"count":2,"href":"https:\/\/vinasfm.com\/noticias\/wp-json\/wp\/v2\/posts\/109286\/revisions"}],"predecessor-version":[{"id":109306,"href":"https:\/\/vinasfm.com\/noticias\/wp-json\/wp\/v2\/posts\/109286\/revisions\/109306"}],"wp:featuredmedia":[{"embeddable":true,"href":"https:\/\/vinasfm.com\/noticias\/wp-json\/wp\/v2\/media\/109290"}],"wp:attachment":[{"href":"https:\/\/vinasfm.com\/noticias\/wp-json\/wp\/v2\/media?parent=109286"}],"wp:term":[{"taxonomy":"category","embeddable":true,"href":"https:\/\/vinasfm.com\/noticias\/wp-json\/wp\/v2\/categories?post=109286"},{"taxonomy":"post_tag","embeddable":true,"href":"https:\/\/vinasfm.com\/noticias\/wp-json\/wp\/v2\/tags?post=109286"}],"curies":[{"name":"wp","href":"https:\/\/api.w.org\/{rel}","templated":true}]}}