{"id":109256,"date":"2022-06-02T22:18:41","date_gmt":"2022-06-03T01:18:41","guid":{"rendered":"http:\/\/vinasfm.com\/noticias\/?p=109256"},"modified":"2022-06-03T09:13:13","modified_gmt":"2022-06-03T12:13:13","slug":"dara-inicio-un-curso-introductorio-a-la-astronomia-como-inscribirse","status":"publish","type":"post","link":"https:\/\/vinasfm.com\/noticias\/dara-inicio-un-curso-introductorio-a-la-astronomia-como-inscribirse\/","title":{"rendered":"DAR\u00c1 INICIO UN CURSO INTRODUCTORIO A LA ASTRONOM\u00cdA: \u00bfC\u00d3MO INSCRIBIRSE?"},"content":{"rendered":"<h4><span style=\"color: #000000;\"><strong>Ya est\u00e1n abiertas las inscripciones para participar de la capacitaci\u00f3n introductoria a la Astronom\u00eda, que comenzar\u00e1 a mediados de este mes y que ser\u00e1 dictada por Horacio Birello.<\/strong><\/span><\/h4>\n<p><span style=\"color: #000000;\">El curso inicia a mediados de junio y estar\u00e1 a disposici\u00f3n el Telescopio de alta gama con equipos tecnol\u00f3gicos, con el que cuenta la Municipalidad, destac\u00f3 Denis Gaur\u00f3n. El link de inscripci\u00f3n es <a href=\"https:\/\/forms.gle\/zRzkLTSdmEBdtD1M6\"><strong>https:\/\/forms.gle\/zRzkLTSdmEBdtD1M6<\/strong><\/a><\/span><\/p>\n<p><span style=\"color: #000000;\">Por su parte, el capacitador, Horacio Birello se\u00f1al\u00f3 que se va a tratar un temario amplio: \u201c<strong><em>En principio se van a responder las preguntas comunes de la gente: qu\u00e9 hay en el cielo, qu\u00e9 se puede mirar, qu\u00e9 telescopio es necesario y c\u00f3mo usarlo<\/em><\/strong>\u201d, dijo. Durante el cursado se va a usar el telescopio municipal, siempre dependiendo del clima y los astros.<\/span><\/p>\n<p><span style=\"color: #000000;\"><strong><em>\u201cEstamos preparando una agenda astron\u00f3mica para junio y julio, el 14 de junio habr\u00e1 una s\u00faper luna, es cuando est\u00e1 m\u00e1s grande y brillante. Estamos determinando fechas y debemos cotejar con el clima, para que no est\u00e9 nublado, por ejemplo<\/em><\/strong>\u201d, explic\u00f3 Birello.<\/span><\/p>\n<p><span style=\"color: #000000;\">Horacio Birello cuenta con vasta experiencia en Astronom\u00eda, hace 10 a\u00f1os compr\u00f3 su primer telescopio y se inici\u00f3 en esta actividad: \u201c<strong><em>Desde ese momento hago observaciones, el cielo mendocino es muy di\u00e1fano y el telescopio municipal es la atracci\u00f3n principal, que por ser de muy alta gama llega muy lejos. Igualmente, se pueden observar astros durante el d\u00eda, lo m\u00e1s visible es la luna y el sol<\/em><\/strong>\u201d.<\/span><\/p>\n","protected":false},"excerpt":{"rendered":"<p>Ya est\u00e1n abiertas las inscripciones para participar de la capacitaci\u00f3n introductoria a la Astronom\u00eda, que comenzar\u00e1 a mediados de este mes &#8230;<\/p>\n","protected":false},"author":8,"featured_media":109257,"comment_status":"open","ping_status":"open","sticky":false,"template":"","format":"standard","meta":{"footnotes":""},"categories":[5,10],"tags":[],"class_list":["post-109256","post","type-post","status-publish","format-standard","has-post-thumbnail","hentry","category-actualidad","category-destacadas"],"_links":{"self":[{"href":"https:\/\/vinasfm.com\/noticias\/wp-json\/wp\/v2\/posts\/109256","targetHints":{"allow":["GET"]}}],"collection":[{"href":"https:\/\/vinasfm.com\/noticias\/wp-json\/wp\/v2\/posts"}],"about":[{"href":"https:\/\/vinasfm.com\/noticias\/wp-json\/wp\/v2\/types\/post"}],"author":[{"embeddable":true,"href":"https:\/\/vinasfm.com\/noticias\/wp-json\/wp\/v2\/users\/8"}],"replies":[{"embeddable":true,"href":"https:\/\/vinasfm.com\/noticias\/wp-json\/wp\/v2\/comments?post=109256"}],"version-history":[{"count":1,"href":"https:\/\/vinasfm.com\/noticias\/wp-json\/wp\/v2\/posts\/109256\/revisions"}],"predecessor-version":[{"id":109258,"href":"https:\/\/vinasfm.com\/noticias\/wp-json\/wp\/v2\/posts\/109256\/revisions\/109258"}],"wp:featuredmedia":[{"embeddable":true,"href":"https:\/\/vinasfm.com\/noticias\/wp-json\/wp\/v2\/media\/109257"}],"wp:attachment":[{"href":"https:\/\/vinasfm.com\/noticias\/wp-json\/wp\/v2\/media?parent=109256"}],"wp:term":[{"taxonomy":"category","embeddable":true,"href":"https:\/\/vinasfm.com\/noticias\/wp-json\/wp\/v2\/categories?post=109256"},{"taxonomy":"post_tag","embeddable":true,"href":"https:\/\/vinasfm.com\/noticias\/wp-json\/wp\/v2\/tags?post=109256"}],"curies":[{"name":"wp","href":"https:\/\/api.w.org\/{rel}","templated":true}]}}