{"id":109230,"date":"2022-06-01T23:09:45","date_gmt":"2022-06-02T02:09:45","guid":{"rendered":"http:\/\/vinasfm.com\/noticias\/?p=109230"},"modified":"2022-06-02T10:00:06","modified_gmt":"2022-06-02T13:00:06","slug":"trasladaron-a-la-penitenciaria-federal-a-tres-detenidos-por-venta-de-estupefacientes","status":"publish","type":"post","link":"https:\/\/vinasfm.com\/noticias\/trasladaron-a-la-penitenciaria-federal-a-tres-detenidos-por-venta-de-estupefacientes\/","title":{"rendered":"TRASLADARON A LA PENITENCIAR\u00cdA FEDERAL A TRES DETENIDOS POR VENTA DE ESTUPEFACIENTES"},"content":{"rendered":"<h4><strong><span style=\"color: #000000;\">Tres hombres que a principios de mayo fueron aprehendidos, acusados de comercializaci\u00f3n de estupefacientes en nuestro departamento, fueron trasladados esta semana a la capital provincial por orden a la Justicia Federal.<\/span><\/strong><\/h4>\n<p><span style=\"color: #000000;\">Los sujetos fueron imputados formalmente por infracci\u00f3n al art 5to. C. de la Ley 23.737 y, tras ello, derivados a la <strong>Unidad de Detenci\u00f3n Judicial 32 del Servicio Penitenciario Federal<\/strong> de la provincia.<\/span><\/p>\n<p><span style=\"color: #000000;\">Vale recordar que los hombres <strong>fueron aprehendidos el 4 de mayo \u00faltimo por parte del personal de la Unidad Investigativa <\/strong>en una vivienda del barrio Soemga IV y en otra de Bowen, respectivamente. <\/span><\/p>\n<p><span style=\"color: #000000;\">En el primero de los casos fue capturado a <strong>un hombre de 28 a\u00f1os y otro de 55<\/strong>, mientras que en el distrito alvearense se captur\u00f3 a <strong>un sujeto de 46 a\u00f1os<\/strong>. Los tres quedaron detenidos a disposici\u00f3n de la fiscal\u00eda actuante y se espera que en las pr\u00f3ximas semanas se determine su responsabilidad penal y, eventualmente, se les aplique una sanci\u00f3n condenatoria.<\/span><\/p>\n","protected":false},"excerpt":{"rendered":"<p>Tres hombres que a principios de mayo fueron aprehendidos, acusados de comercializaci\u00f3n de estupefacientes en nuestro departamento, fueron trasladados esta semana &#8230;<\/p>\n","protected":false},"author":8,"featured_media":109232,"comment_status":"open","ping_status":"open","sticky":false,"template":"","format":"standard","meta":{"footnotes":""},"categories":[5,4],"tags":[],"class_list":["post-109230","post","type-post","status-publish","format-standard","has-post-thumbnail","hentry","category-actualidad","category-policiales"],"_links":{"self":[{"href":"https:\/\/vinasfm.com\/noticias\/wp-json\/wp\/v2\/posts\/109230","targetHints":{"allow":["GET"]}}],"collection":[{"href":"https:\/\/vinasfm.com\/noticias\/wp-json\/wp\/v2\/posts"}],"about":[{"href":"https:\/\/vinasfm.com\/noticias\/wp-json\/wp\/v2\/types\/post"}],"author":[{"embeddable":true,"href":"https:\/\/vinasfm.com\/noticias\/wp-json\/wp\/v2\/users\/8"}],"replies":[{"embeddable":true,"href":"https:\/\/vinasfm.com\/noticias\/wp-json\/wp\/v2\/comments?post=109230"}],"version-history":[{"count":2,"href":"https:\/\/vinasfm.com\/noticias\/wp-json\/wp\/v2\/posts\/109230\/revisions"}],"predecessor-version":[{"id":109274,"href":"https:\/\/vinasfm.com\/noticias\/wp-json\/wp\/v2\/posts\/109230\/revisions\/109274"}],"wp:featuredmedia":[{"embeddable":true,"href":"https:\/\/vinasfm.com\/noticias\/wp-json\/wp\/v2\/media\/109232"}],"wp:attachment":[{"href":"https:\/\/vinasfm.com\/noticias\/wp-json\/wp\/v2\/media?parent=109230"}],"wp:term":[{"taxonomy":"category","embeddable":true,"href":"https:\/\/vinasfm.com\/noticias\/wp-json\/wp\/v2\/categories?post=109230"},{"taxonomy":"post_tag","embeddable":true,"href":"https:\/\/vinasfm.com\/noticias\/wp-json\/wp\/v2\/tags?post=109230"}],"curies":[{"name":"wp","href":"https:\/\/api.w.org\/{rel}","templated":true}]}}