{"id":109218,"date":"2022-06-01T23:50:53","date_gmt":"2022-06-02T02:50:53","guid":{"rendered":"http:\/\/vinasfm.com\/noticias\/?p=109218"},"modified":"2022-06-03T08:52:16","modified_gmt":"2022-06-03T11:52:16","slug":"pusieron-en-funcionamiento-la-unidad-de-procedimiento-y-abordaje-de-la-ninez-y-adolescencia","status":"publish","type":"post","link":"https:\/\/vinasfm.com\/noticias\/pusieron-en-funcionamiento-la-unidad-de-procedimiento-y-abordaje-de-la-ninez-y-adolescencia\/","title":{"rendered":"PUSIERON EN FUNCIONAMIENTO LA UNIDAD DE PROCEDIMIENTO Y ABORDAJE DE LA NI\u00d1EZ Y ADOLESCENCIA"},"content":{"rendered":"<h4><span style=\"color: #000000;\"><strong>El Intendente Walther Marcolini junto al Comisario Inspector Luis Alcaino pusieron en funcionamiento la Unidad de Procedimiento y Abordaje de la Ni\u00f1ez y Adolescencia U.P.A.N.A.\u00a0<\/strong><\/span><\/h4>\n<p><span style=\"color: #000000;\">\u201c<strong><em>Se pone en funcionamiento la U.P.A.N.A., trayendo respuesta a una problem\u00e1tica que ten\u00edamos en el departamento desde hace tiempo, y que necesitaban algunos organismos como la Fiscal\u00eda Penal de Menores, el Juzgado de Menores, para poder abordar la vulnerabilidad y porqu\u00e9 llega un ni\u00f1o o un adolescente al delito<\/em><\/strong>\u201d expres\u00f3 el intendente Walther Marcolini quien manifest\u00f3 que nuestra sociedad merece vivir en armon\u00eda: \u201c<strong><em>Esto va en consonancia con la respuesta que el Estado tiene que dar<\/em><\/strong>\u201d indic\u00f3.<\/span><\/p>\n<p><span style=\"color: #000000;\">Adem\u00e1s del intendente Walther Marcolini, del acto tambi\u00e9n particip\u00f3 el Comisario General Marcelo Calipo, Jefe de la Polic\u00eda de Mendoza, Sergio Galdamez, Coordinador Zona Sur UPANA, Miguel S\u00e1nchez, titular de la jefatura policial en el sur mendocino, el Comisario Inspector Luis Alcaino y el Subcomisario Jos\u00e9 L\u00f3pez, quien es el nuevo Jefe de la Polic\u00eda Departamental .<\/span><\/p>\n<p><span style=\"color: #000000;\">El Comisario General Marcelo Calipo: \u201c<strong><em>Esta inauguraci\u00f3n tiene que ver con erradicar la violencia, hacia ni\u00f1os, ni\u00f1as y adolescentes, porque detr\u00e1s de un ni\u00f1o a lo mejor hay un mayor que no est\u00e1 haciendo las cosas bien. Por eso tenemos que seguir trabajando codo a codo con el Ministerio P\u00fablico Fiscal<\/em><\/strong>\u201d expres\u00f3 Calipo. <\/span><\/p>\n<p><span style=\"color: #000000;\">Fue Sergio Galdamez, el Coordinador Zona Sur UPANA quien dijo: \u201c<strong><em>Esta expansi\u00f3n surge de la necesidad que requiere esta especialidad, siendo fundamental para la prevenci\u00f3n y el tratamiento de los ni\u00f1os, ni\u00f1as y adolescentes que incursionan en el delito y que pueden pasar a la adultez con la p\u00e9rdida de la libertad. Por ello es que tenemos el objetivo de garantizar las condiciones de seguridad p\u00fablica a los habitantes de la provincia y a su vez abordar situaciones con ni\u00f1os en conflicto de la ley o vulnerados de sus derechos, trabajando con los fueros penales de menores y de abordaje<\/em><\/strong>\u201d.<\/span><\/p>\n<p><span style=\"color: #000000;\">La nueva dependencia funcionar\u00e1 dentro del predio de la Comisar\u00eda 14, con el objetivo de abordar todos los casos que tengan involucrados a menores que cometan il\u00edcitos. Hay que destacar que esta oficina va a trabajar exclusivamente con ni\u00f1os y adolescentes.<\/span><\/p>\n","protected":false},"excerpt":{"rendered":"<p>El Intendente Walther Marcolini junto al Comisario Inspector Luis Alcaino pusieron en funcionamiento la Unidad de Procedimiento y Abordaje de la &#8230;<\/p>\n","protected":false},"author":8,"featured_media":109222,"comment_status":"open","ping_status":"open","sticky":false,"template":"","format":"standard","meta":{"footnotes":""},"categories":[5,33],"tags":[],"class_list":["post-109218","post","type-post","status-publish","format-standard","has-post-thumbnail","hentry","category-actualidad","category-seguridad"],"_links":{"self":[{"href":"https:\/\/vinasfm.com\/noticias\/wp-json\/wp\/v2\/posts\/109218","targetHints":{"allow":["GET"]}}],"collection":[{"href":"https:\/\/vinasfm.com\/noticias\/wp-json\/wp\/v2\/posts"}],"about":[{"href":"https:\/\/vinasfm.com\/noticias\/wp-json\/wp\/v2\/types\/post"}],"author":[{"embeddable":true,"href":"https:\/\/vinasfm.com\/noticias\/wp-json\/wp\/v2\/users\/8"}],"replies":[{"embeddable":true,"href":"https:\/\/vinasfm.com\/noticias\/wp-json\/wp\/v2\/comments?post=109218"}],"version-history":[{"count":1,"href":"https:\/\/vinasfm.com\/noticias\/wp-json\/wp\/v2\/posts\/109218\/revisions"}],"predecessor-version":[{"id":109225,"href":"https:\/\/vinasfm.com\/noticias\/wp-json\/wp\/v2\/posts\/109218\/revisions\/109225"}],"wp:featuredmedia":[{"embeddable":true,"href":"https:\/\/vinasfm.com\/noticias\/wp-json\/wp\/v2\/media\/109222"}],"wp:attachment":[{"href":"https:\/\/vinasfm.com\/noticias\/wp-json\/wp\/v2\/media?parent=109218"}],"wp:term":[{"taxonomy":"category","embeddable":true,"href":"https:\/\/vinasfm.com\/noticias\/wp-json\/wp\/v2\/categories?post=109218"},{"taxonomy":"post_tag","embeddable":true,"href":"https:\/\/vinasfm.com\/noticias\/wp-json\/wp\/v2\/tags?post=109218"}],"curies":[{"name":"wp","href":"https:\/\/api.w.org\/{rel}","templated":true}]}}