{"id":109180,"date":"2022-05-31T23:59:59","date_gmt":"2022-06-01T02:59:59","guid":{"rendered":"http:\/\/vinasfm.com\/noticias\/?p=109180"},"modified":"2022-06-01T08:52:26","modified_gmt":"2022-06-01T11:52:26","slug":"el-artista-plastico-mario-lange-que-recorre-el-pais-pintando-murales-esta-en-alvear","status":"publish","type":"post","link":"https:\/\/vinasfm.com\/noticias\/el-artista-plastico-mario-lange-que-recorre-el-pais-pintando-murales-esta-en-alvear\/","title":{"rendered":"VISIT\u00d3 ALVEAR MARIO LANGE, EL ARTISTA PL\u00c1STICO QUE RECORRE EL PA\u00cdS PINTANDO MURALES"},"content":{"rendered":"<h4><span style=\"color: #000000;\"><strong>Mario Lange, por la ma\u00f1ana de este lunes, present\u00f3 la muestra \u00abEl Arte Iguala\u00bb en el Hall del Cine Teatro Antonio Lafalla y a las 19h brindar\u00e1 una charla para artistas visuales del Departamento y p\u00fablico en general.<\/strong><\/span><\/h4>\n<p><span style=\"color: #000000;\">Este martes 31 de mayo, el artista va estar pintando un mural en el Jard\u00edn El Principito en conjunto con los alumnos: \u201c<strong><em>Voy a estar pintando, por la ma\u00f1ana, el mural n\u00famero 1.412, en la Ciudad 1.202. Esto es parte de una obra, yo tengo una de las galer\u00edas m\u00e1s grandes de arte de Argentina, que se encuentra en Carlos Paz, abierta todos los d\u00edas del a\u00f1o, donde la gente nos puede visitar y ver m\u00e1s de 300 obras, entre pinturas, esculturas y veh\u00edculos. Toda mi obra es colectiva, los 1.400 murales est\u00e1n hechos con ni\u00f1os y trabajo con todas las edades. Por eso, ma\u00f1ana, todos los interesados se pueden acercar. De esa forma recorro Argentina<\/em><\/strong>\u201d.<\/span><\/p>\n<p><span style=\"color: #000000;\">Respecto a sus proyectos a futuro, Mario Lange expres\u00f3: \u201c<strong><em>El a\u00f1o que viene har\u00e9 una gira de un solo viaje desde el 15 de marzo hasta fines de noviembre<\/em><\/strong>\u201d. Tambi\u00e9n, detall\u00f3 c\u00f3mo fueron sus comienzos art\u00edsticos: \u201c<strong><em>Empec\u00e9 a pintar a los 46 a\u00f1os, no tengo formaci\u00f3n art\u00edstica, mi experiencia de vida puede servir a mucha gente. Nac\u00ed en extrema pobreza y hoy tengo la suerte de tener arte en m\u00e1s de 57 pa\u00edses y obras en m\u00e1s de 1.200 ciudades. Por ello, la persona que cree que su hijo no puede vivir del arte o la persona que cree que est\u00e1 grande para hacer cosas, quiero contarle mi experiencia, que con 46 a\u00f1os cerr\u00e9 una empresa con m\u00e1s de 70 empleados y me dediqu\u00e9 a la pintura<\/em><\/strong>\u201d.<\/span><\/p>\n","protected":false},"excerpt":{"rendered":"<p>Mario Lange, por la ma\u00f1ana de este lunes, present\u00f3 la muestra \u00abEl Arte Iguala\u00bb en el Hall del Cine Teatro Antonio &#8230;<\/p>\n","protected":false},"author":8,"featured_media":109181,"comment_status":"open","ping_status":"open","sticky":false,"template":"","format":"standard","meta":{"footnotes":""},"categories":[5,19],"tags":[],"class_list":["post-109180","post","type-post","status-publish","format-standard","has-post-thumbnail","hentry","category-actualidad","category-cultura"],"_links":{"self":[{"href":"https:\/\/vinasfm.com\/noticias\/wp-json\/wp\/v2\/posts\/109180","targetHints":{"allow":["GET"]}}],"collection":[{"href":"https:\/\/vinasfm.com\/noticias\/wp-json\/wp\/v2\/posts"}],"about":[{"href":"https:\/\/vinasfm.com\/noticias\/wp-json\/wp\/v2\/types\/post"}],"author":[{"embeddable":true,"href":"https:\/\/vinasfm.com\/noticias\/wp-json\/wp\/v2\/users\/8"}],"replies":[{"embeddable":true,"href":"https:\/\/vinasfm.com\/noticias\/wp-json\/wp\/v2\/comments?post=109180"}],"version-history":[{"count":6,"href":"https:\/\/vinasfm.com\/noticias\/wp-json\/wp\/v2\/posts\/109180\/revisions"}],"predecessor-version":[{"id":109226,"href":"https:\/\/vinasfm.com\/noticias\/wp-json\/wp\/v2\/posts\/109180\/revisions\/109226"}],"wp:featuredmedia":[{"embeddable":true,"href":"https:\/\/vinasfm.com\/noticias\/wp-json\/wp\/v2\/media\/109181"}],"wp:attachment":[{"href":"https:\/\/vinasfm.com\/noticias\/wp-json\/wp\/v2\/media?parent=109180"}],"wp:term":[{"taxonomy":"category","embeddable":true,"href":"https:\/\/vinasfm.com\/noticias\/wp-json\/wp\/v2\/categories?post=109180"},{"taxonomy":"post_tag","embeddable":true,"href":"https:\/\/vinasfm.com\/noticias\/wp-json\/wp\/v2\/tags?post=109180"}],"curies":[{"name":"wp","href":"https:\/\/api.w.org\/{rel}","templated":true}]}}