{"id":109154,"date":"2022-05-30T00:01:54","date_gmt":"2022-05-30T03:01:54","guid":{"rendered":"http:\/\/vinasfm.com\/noticias\/?p=109154"},"modified":"2022-05-31T10:29:08","modified_gmt":"2022-05-31T13:29:08","slug":"la-dge-pone-en-marcha-este-lunes-el-programa-volve-a-la-escuela","status":"publish","type":"post","link":"https:\/\/vinasfm.com\/noticias\/la-dge-pone-en-marcha-este-lunes-el-programa-volve-a-la-escuela\/","title":{"rendered":"LA DGE PUSO EN MARCHA ESTE LUNES EL PROGRAMA VOLV\u00c9 A LA ESCUELA"},"content":{"rendered":"<h4><span style=\"color: #000000;\">La Direcci\u00f3n General de Escuelas\u00a0<strong>(DGE) arranc\u00f3 este lunes con la implementaci\u00f3n de talleres<\/strong>\u00a0en las l\u00edneas CITIAM (Ciencia, Tecnolog\u00eda, Ingenier\u00eda, Arte y Matem\u00e1tica) , Fluidez lectora y Recreaci\u00f3n dentro del\u00a0<strong>programa nacional Volv\u00e9 a la Escuela<\/strong>.\u00a0<\/span><\/h4>\n<p><span style=\"color: #000000;\">El programa nacional Volv\u00e9 a la Escuela, propuesta que en Mendoza es llevada adelante por la Direcci\u00f3n de Educaci\u00f3n Primaria y la Direcci\u00f3n de Planificaci\u00f3n de la Calidad Educativa dela DGE). Se iniciar\u00e1n tareas en las siguientes l\u00edneas: L\u00ednea 1, CITIAM; L\u00ednea 4, Fluidez Lectora, y L\u00ednea 8, Recreaci\u00f3n.<\/span><\/p>\n<h4><span style=\"color: #000000;\">L\u00ednea 1: Ciencias, Arte y Matem\u00e1tica<\/span><\/h4>\n<p><span style=\"color: #000000;\">Estos talleres se llevar\u00e1n a cabo en\u00a0<strong>100 escuelas primarias del lunes 30 de mayo al jueves 2 de junio.\u00a0<\/strong>Son de postulaci\u00f3n voluntaria, interdisciplinarios e involucran el acercamiento a los\u00a0<strong>contenidos curriculares a trav\u00e9s de dispositivos alternativos de aprendizaje.<\/strong><\/span><\/p>\n<p><span style=\"color: #000000;\">Est\u00e1n destinados a estudiantes con trayectorias intermitentes con necesidad de reforzar el v\u00ednculo y la motivaci\u00f3n de permanecer en la escuela.<\/span><\/p>\n<p><span style=\"color: #000000;\"><strong>Se dictar\u00e1 cuatro veces por semana incluidos los s\u00e1bados, con cuatro horas de trabajo diario.<\/strong>\u00a0La metodolog\u00eda de trabajo es a trav\u00e9s de materiales replicables elaborados por un equipo de la Direcci\u00f3n de Planificaci\u00f3n de la Calidad Educativa, y que ser\u00e1n los que se utilizar\u00e1n en estos espacios de trabajo.<\/span><\/p>\n<h4><span style=\"color: #000000;\">L\u00ednea 4: Fluidez Lectora (Nivel Primario)<\/span><\/h4>\n<p><span style=\"color: #000000;\">Estos talleres\u00a0<strong>se llevar\u00e1n a cabo en 300 escuelas primarias del lunes 30 de mayo al jueves 2 de junio.\u00a0<\/strong>Son talleres de lectura en voz alta que tienen como objetivo el desarrollo de habilidades de fluidez lectora y comprensi\u00f3n.<\/span><\/p>\n<p><span style=\"color: #000000;\">Participar\u00e1n estudiantes de 3\u00ba, 5\u00ba y 7\u00ba grado, cuyo nivel de desempe\u00f1o, seg\u00fan el Censo de Fluidez Lectora 2022, ha sido cr\u00edtico o b\u00e1sico.<\/span><\/p>\n<p><span style=\"color: #000000;\">La n\u00f3mina de estudiantes que participar\u00e1 en estos talleres ser\u00e1 enviada desde la Coordinaci\u00f3n del Programa de Fluidez Lectora a la direcci\u00f3n de cada escuela y a los talleristas.<\/span><\/p>\n<p><span style=\"color: #000000;\">Se sugiere, para el dictado de los talleres, realizar agrupamientos de entre 10 y 15 estudiantes, seg\u00fan la n\u00f3mina enviada, por curso.<\/span><\/p>\n<h4><span style=\"color: #000000;\">L\u00ednea 8: Recreaci\u00f3n<\/span><\/h4>\n<p><span style=\"color: #000000;\">Estos talleres se llevar\u00e1n de forma conjunta con las\u00a0<strong>100 escuelas primarias de la L\u00ednea 1, de forma simult\u00e1nea a CITIAM,<\/strong>\u00a0los s\u00e1bado. La propuesta es organizada por la Coordinaci\u00f3n de Educaci\u00f3n F\u00edsica y comenzar\u00e1 el s\u00e1bado 4 de junio.<\/span><\/p>\n<p><span style=\"color: #000000;\">La metodolog\u00eda de trabajo es a trav\u00e9s de materiales replicables elaborados por un equipo de la Coordinaci\u00f3n de Educaci\u00f3n F\u00edsica, los que ser\u00e1n utilizados en estos espacios de trabajo.<\/span><\/p>\n","protected":false},"excerpt":{"rendered":"<p>La Direcci\u00f3n General de Escuelas\u00a0(DGE) arranc\u00f3 este lunes con la implementaci\u00f3n de talleres\u00a0en las l\u00edneas CITIAM (Ciencia, Tecnolog\u00eda, Ingenier\u00eda, Arte y &#8230;<\/p>\n","protected":false},"author":7,"featured_media":108209,"comment_status":"open","ping_status":"open","sticky":false,"template":"","format":"standard","meta":{"footnotes":""},"categories":[5,18],"tags":[],"class_list":["post-109154","post","type-post","status-publish","format-standard","has-post-thumbnail","hentry","category-actualidad","category-educacion"],"_links":{"self":[{"href":"https:\/\/vinasfm.com\/noticias\/wp-json\/wp\/v2\/posts\/109154","targetHints":{"allow":["GET"]}}],"collection":[{"href":"https:\/\/vinasfm.com\/noticias\/wp-json\/wp\/v2\/posts"}],"about":[{"href":"https:\/\/vinasfm.com\/noticias\/wp-json\/wp\/v2\/types\/post"}],"author":[{"embeddable":true,"href":"https:\/\/vinasfm.com\/noticias\/wp-json\/wp\/v2\/users\/7"}],"replies":[{"embeddable":true,"href":"https:\/\/vinasfm.com\/noticias\/wp-json\/wp\/v2\/comments?post=109154"}],"version-history":[{"count":2,"href":"https:\/\/vinasfm.com\/noticias\/wp-json\/wp\/v2\/posts\/109154\/revisions"}],"predecessor-version":[{"id":109208,"href":"https:\/\/vinasfm.com\/noticias\/wp-json\/wp\/v2\/posts\/109154\/revisions\/109208"}],"wp:featuredmedia":[{"embeddable":true,"href":"https:\/\/vinasfm.com\/noticias\/wp-json\/wp\/v2\/media\/108209"}],"wp:attachment":[{"href":"https:\/\/vinasfm.com\/noticias\/wp-json\/wp\/v2\/media?parent=109154"}],"wp:term":[{"taxonomy":"category","embeddable":true,"href":"https:\/\/vinasfm.com\/noticias\/wp-json\/wp\/v2\/categories?post=109154"},{"taxonomy":"post_tag","embeddable":true,"href":"https:\/\/vinasfm.com\/noticias\/wp-json\/wp\/v2\/tags?post=109154"}],"curies":[{"name":"wp","href":"https:\/\/api.w.org\/{rel}","templated":true}]}}