{"id":109090,"date":"2022-05-27T00:01:55","date_gmt":"2022-05-27T03:01:55","guid":{"rendered":"http:\/\/vinasfm.com\/noticias\/?p=109090"},"modified":"2022-05-30T08:55:00","modified_gmt":"2022-05-30T11:55:00","slug":"un-vehiculo-paso-de-largo-a-un-canal-en-monte-coman","status":"publish","type":"post","link":"https:\/\/vinasfm.com\/noticias\/un-vehiculo-paso-de-largo-a-un-canal-en-monte-coman\/","title":{"rendered":"UN VEH\u00cdCULO PAS\u00d3 DE LARGO A UN CANAL EN MONTE COM\u00c1N"},"content":{"rendered":"<h4><strong><span style=\"color: #000000;\">Durante la siesta de ayer se produjo un fuerte accidente de tr\u00e1nsito en la ruta nacional 146, distrito de Monte Com\u00e1n. <\/span><\/strong><\/h4>\n<h4><strong><span style=\"color: #000000;\">El conductor de un veh\u00edculo que se desplazaba por la ruta nacional, aparentemente y por causas que se tratan establecer, perdi\u00f3 el dominio y termin\u00f3 cayendo dentro de un canal de riego.<\/span><\/strong><\/h4>\n<h4><strong><span style=\"color: #000000;\">Se desconoce el estado de salud de el o los ocupantes del rodado, el cual sufri\u00f3 varios da\u00f1os materiales y debi\u00f3 ser sacado con un tractor gr\u00faa del cauce del canal.<\/span><\/strong><\/h4>\n","protected":false},"excerpt":{"rendered":"<p>Durante la siesta de ayer se produjo un fuerte accidente de tr\u00e1nsito en la ruta nacional 146, distrito de Monte Com\u00e1n. &#8230;<\/p>\n","protected":false},"author":8,"featured_media":109092,"comment_status":"open","ping_status":"open","sticky":false,"template":"","format":"standard","meta":{"footnotes":""},"categories":[5,4],"tags":[],"class_list":["post-109090","post","type-post","status-publish","format-standard","has-post-thumbnail","hentry","category-actualidad","category-policiales"],"_links":{"self":[{"href":"https:\/\/vinasfm.com\/noticias\/wp-json\/wp\/v2\/posts\/109090","targetHints":{"allow":["GET"]}}],"collection":[{"href":"https:\/\/vinasfm.com\/noticias\/wp-json\/wp\/v2\/posts"}],"about":[{"href":"https:\/\/vinasfm.com\/noticias\/wp-json\/wp\/v2\/types\/post"}],"author":[{"embeddable":true,"href":"https:\/\/vinasfm.com\/noticias\/wp-json\/wp\/v2\/users\/8"}],"replies":[{"embeddable":true,"href":"https:\/\/vinasfm.com\/noticias\/wp-json\/wp\/v2\/comments?post=109090"}],"version-history":[{"count":2,"href":"https:\/\/vinasfm.com\/noticias\/wp-json\/wp\/v2\/posts\/109090\/revisions"}],"predecessor-version":[{"id":109113,"href":"https:\/\/vinasfm.com\/noticias\/wp-json\/wp\/v2\/posts\/109090\/revisions\/109113"}],"wp:featuredmedia":[{"embeddable":true,"href":"https:\/\/vinasfm.com\/noticias\/wp-json\/wp\/v2\/media\/109092"}],"wp:attachment":[{"href":"https:\/\/vinasfm.com\/noticias\/wp-json\/wp\/v2\/media?parent=109090"}],"wp:term":[{"taxonomy":"category","embeddable":true,"href":"https:\/\/vinasfm.com\/noticias\/wp-json\/wp\/v2\/categories?post=109090"},{"taxonomy":"post_tag","embeddable":true,"href":"https:\/\/vinasfm.com\/noticias\/wp-json\/wp\/v2\/tags?post=109090"}],"curies":[{"name":"wp","href":"https:\/\/api.w.org\/{rel}","templated":true}]}}