{"id":109065,"date":"2022-05-26T00:01:40","date_gmt":"2022-05-26T03:01:40","guid":{"rendered":"http:\/\/vinasfm.com\/noticias\/?p=109065"},"modified":"2022-05-26T11:17:52","modified_gmt":"2022-05-26T14:17:52","slug":"salario-familiar-montos-y-fechas-del-pago-adicional-en-junio","status":"publish","type":"post","link":"https:\/\/vinasfm.com\/noticias\/salario-familiar-montos-y-fechas-del-pago-adicional-en-junio\/","title":{"rendered":"SALARIO FAMILIAR: MONTOS Y FECHAS DEL PAGO ADICIONAL EN JUNIO"},"content":{"rendered":"<h4><strong><span style=\"color: #000000;\">Falta muy poco para que termine el\u00a0calendario de pagos de mayo 2022\u00a0y se de inicio a los cobros de\u00a0junio, un mes en el que hay aumento, refuerzo de ingresos y otros pagos adicionales para beneficiarios de ANSES.<\/span><\/strong><\/h4>\n<p><span style=\"color: #000000;\">Entre ellos, la\u00a0<strong>Asignaci\u00f3n Familiar por Hijo (SUAF)<\/strong>\u00a0tiene el\u00a0<strong>complemento<\/strong>\u00a0que, como ya se hab\u00eda anticipado, tendr\u00e1 un\u00a0<strong>monto m\u00e1s bajo<\/strong>. En esta nota te contamos cu\u00e1nto se cobra, qui\u00e9nes lo reciben y cu\u00e1les son los topes para acceder.<\/span><\/p>\n<h4 class=\"h2\"><strong><span style=\"color: #000000;\">\u00bfPor qu\u00e9 baja el complemento por hijo?<\/span><\/strong><\/h4>\n<p><span style=\"color: #000000;\">Desde que se empez\u00f3 a pagar esta ayuda extra ANSES anticip\u00f3 que establec\u00eda un monto m\u00e1ximo a cobrar entre asignaci\u00f3n y complemento. Esto quiere decir que\u00a0<strong>a medida que aumenta SUAF, baja el complemento porque no se deben superar dos valores por tramo: $10.126 (tramo 1) y $6830 (tramo 2).<\/strong><\/span><\/p>\n<p><span style=\"color: #000000;\">Es por eso que la primera vez cobraron exactamente el doble, pero con los incrementos se fue modificando.<\/span><\/p>\n<h4 class=\"h2\"><strong><span style=\"color: #000000;\">\u00bfDe cu\u00e1nto es el pago extra en junio?<\/span><\/strong><\/h4>\n<p><span style=\"color: #000000;\">El mes que viene se paga con el segundo aumento del a\u00f1o por Ley de Movilidad, que ser\u00e1 del 15%. De esta manera, SUAF se eleva a $7332 y\u00a0<strong>el complemento disminuye a:<\/strong><\/span><\/p>\n<ul>\n<li><span style=\"color: #000000;\"><strong>Tramo 1<\/strong>\u00a0(con ingresos de hasta $98.756 o categor\u00edas A, B y C) &#x27a1; $2794 de complemento<\/span><\/li>\n<li><span style=\"color: #000000;\"><strong>Tramo 2<\/strong>\u00a0(con ingresos de entre $98.756 y $144.838 o categor\u00eda D) &#x27a1; $1885\u00a0de complemento<\/span><\/li>\n<li><span style=\"color: #000000;\">A partir del tramo 3, no se recibe complemento.<\/span><\/li>\n<\/ul>\n<h4 class=\"h2\"><strong><span style=\"color: #000000;\">Qui\u00e9nes cobran el complemento<\/span><\/strong><\/h4>\n<ul>\n<li><span style=\"color: #000000;\">Trabajadores en relaci\u00f3n de dependencia registrados.<\/span><\/li>\n<li><span style=\"color: #000000;\">Monotributistas de categor\u00edas A, B. C y D.<\/span><\/li>\n<li><span style=\"color: #000000;\">Titulares del Fondo de Desempleo que tengan hijos a cargo y cobren la asignaci\u00f3n familiar.<\/span><\/li>\n<\/ul>\n<p><span style=\"color: #000000;\">En todos los casos deben estar dentro de los topes vigentes para recibir el complemento.<\/span><\/p>\n<h4 class=\"h2\"><strong><span style=\"color: #000000;\">Liquidaci\u00f3n SUAF: montos totales<\/span><\/strong><\/h4>\n<p><span style=\"color: #000000;\">No solo hay aumento en junio, sino tambi\u00e9n la\u00a0<strong>segunda cuota del refuerzo de ingresos<\/strong>\u00a0para todos los monotributistas de categor\u00edas A y B que hayan sido aprobados.<\/span><\/p>\n<ul>\n<li><span style=\"color: #000000;\">Tramo 1 (con ingresos de hasta $98.756 o categor\u00edas A, B y C) &#x27a1; $7332\u00a0+ $2794\u00a0de complemento =\u00a0<strong>$10.126 total<\/strong><\/span><\/li>\n<li><span style=\"color: #000000;\">Tramo 2 (con ingresos de entre $98.756 y $144.838 o categor\u00eda D) &#x27a1; $4945\u00a0asignaci\u00f3n general + $1885\u00a0de complemento =\u00a0<strong>$6.830 total<\/strong><\/span><\/li>\n<\/ul>\n<p><span style=\"color: #000000;\">Si cobraron los primeros\u00a0<strong>$9000<\/strong>\u00a0de\u00a0<strong>bono<\/strong>, entonces tambi\u00e9n los reciben en junio. En ese caso los montos ser\u00edan:\u00a0<strong>$19.126 para el tramo 1 y $15.830 para el tramo 2.\u00a0<\/strong>En tanto, quienes no tengan complemento s\u00f3lo deben sumar el refuerzo de ingresos.<\/span><\/p>\n<h4 class=\"h2\"><strong><span style=\"color: #000000;\">Cu\u00e1les son los topes del salario familiar<\/span><\/strong><\/h4>\n<p><span style=\"color: #000000;\">Hace dos meses aumentaron los topes para recibir el salario familiar, por lo que el que corresponde al grupo familiar es de $316.731 y el individual se elev\u00f3 a $158.366. Ac\u00e1, la\u00a0<strong>tabla con todos los topes:<\/strong><\/span><\/p>\n<div class=\"fixed-container \"><span style=\"color: #000000;\"><strong><img decoding=\"async\" class=\"i-amphtml-fill-content i-amphtml-replaced-content aligncenter\" title=\"Salario Familiar: montos y fechas del pago adicional en junio\" src=\"https:\/\/pxb.cdn.ciudadano.news\/ciudadano\/052022\/1653495292659\/topes-suaf.png\" alt=\"Salario Familiar: montos y fechas del pago adicional en junio\" data-amp-auto-lightbox-disable=\"\" \/><\/strong><\/span><\/div>\n<h4 class=\"h2\"><strong><span style=\"color: #000000;\">Cu\u00e1ndo cobro SUAF en junio 2022<\/span><\/strong><\/h4>\n<p><span style=\"color: #000000;\">Recientemente\u00a0<strong>se confirm\u00f3 el calendario de pagos<\/strong>\u00a0para jubilados, pensionados y Pensiones No Contributivas (PNC). Aunque no se dieron a conocer las fechas de SUAF, generalmente cobran con un cronograma muy similar, que se aplicar\u00eda tambi\u00e9n para AUH. Las\u00a0<strong>fechas estimadas de cobro son:<\/strong><\/span><\/p>\n<ul>\n<li><span style=\"color: #000000;\">DNI terminados en 0 &#x27a1; mi\u00e9rcoles 8 de junio<\/span><\/li>\n<li><span style=\"color: #000000;\">DNI terminados en 1\u00a0&#x27a1; jueves 9 de junio<\/span><\/li>\n<li><span style=\"color: #000000;\">DNI terminados en 2\u00a0&#x27a1; viernes 10 de junio<\/span><\/li>\n<li><span style=\"color: #000000;\">DNI terminados en 3\u00a0&#x27a1; lunes 13 de junio<\/span><\/li>\n<li><span style=\"color: #000000;\">DNI terminados en 4\u00a0&#x27a1; martes 14 de junio<\/span><\/li>\n<li><span style=\"color: #000000;\">DNI terminados en 5\u00a0&#x27a1; mi\u00e9rcoles 15 de junio<\/span><\/li>\n<li><span style=\"color: #000000;\">DNI terminados en 6\u00a0&#x27a1; jueves 16 de junio<\/span><\/li>\n<li><span style=\"color: #000000;\">DNI terminados en 7\u00a0&#x27a1; martes 21 de junio<\/span><\/li>\n<li><span style=\"color: #000000;\">DNI terminados en 8\u00a0&#x27a1; mi\u00e9rcoles 22 de junio<\/span><\/li>\n<li><span style=\"color: #000000;\">DNI terminados en 9\u00a0&#x27a1; jueves 23 de junio<\/span><\/li>\n<\/ul>\n","protected":false},"excerpt":{"rendered":"<p>Falta muy poco para que termine el\u00a0calendario de pagos de mayo 2022\u00a0y se de inicio a los cobros de\u00a0junio, un mes &#8230;<\/p>\n","protected":false},"author":8,"featured_media":51700,"comment_status":"open","ping_status":"open","sticky":false,"template":"","format":"standard","meta":{"footnotes":""},"categories":[5,50],"tags":[],"class_list":["post-109065","post","type-post","status-publish","format-standard","has-post-thumbnail","hentry","category-actualidad","category-anses"],"_links":{"self":[{"href":"https:\/\/vinasfm.com\/noticias\/wp-json\/wp\/v2\/posts\/109065","targetHints":{"allow":["GET"]}}],"collection":[{"href":"https:\/\/vinasfm.com\/noticias\/wp-json\/wp\/v2\/posts"}],"about":[{"href":"https:\/\/vinasfm.com\/noticias\/wp-json\/wp\/v2\/types\/post"}],"author":[{"embeddable":true,"href":"https:\/\/vinasfm.com\/noticias\/wp-json\/wp\/v2\/users\/8"}],"replies":[{"embeddable":true,"href":"https:\/\/vinasfm.com\/noticias\/wp-json\/wp\/v2\/comments?post=109065"}],"version-history":[{"count":3,"href":"https:\/\/vinasfm.com\/noticias\/wp-json\/wp\/v2\/posts\/109065\/revisions"}],"predecessor-version":[{"id":109068,"href":"https:\/\/vinasfm.com\/noticias\/wp-json\/wp\/v2\/posts\/109065\/revisions\/109068"}],"wp:featuredmedia":[{"embeddable":true,"href":"https:\/\/vinasfm.com\/noticias\/wp-json\/wp\/v2\/media\/51700"}],"wp:attachment":[{"href":"https:\/\/vinasfm.com\/noticias\/wp-json\/wp\/v2\/media?parent=109065"}],"wp:term":[{"taxonomy":"category","embeddable":true,"href":"https:\/\/vinasfm.com\/noticias\/wp-json\/wp\/v2\/categories?post=109065"},{"taxonomy":"post_tag","embeddable":true,"href":"https:\/\/vinasfm.com\/noticias\/wp-json\/wp\/v2\/tags?post=109065"}],"curies":[{"name":"wp","href":"https:\/\/api.w.org\/{rel}","templated":true}]}}