{"id":109039,"date":"2022-05-26T23:59:09","date_gmt":"2022-05-27T02:59:09","guid":{"rendered":"http:\/\/vinasfm.com\/noticias\/?p=109039"},"modified":"2022-05-30T09:53:30","modified_gmt":"2022-05-30T12:53:30","slug":"va-a-juicio-el-alvearsense-acusado-por-facebook-de-facilitar-material-de-abuso-infantil","status":"publish","type":"post","link":"https:\/\/vinasfm.com\/noticias\/va-a-juicio-el-alvearsense-acusado-por-facebook-de-facilitar-material-de-abuso-infantil\/","title":{"rendered":"VA A JUICIO EL ALVEARSENSE ACUSADO POR FACEBOOK DE FACILITAR MATERIAL DE ABUSO INFANTIL"},"content":{"rendered":"<h4><span style=\"color: #000000;\"><b>Comienza el juicio a un conocido alvearense denunciado por Facebook de haber facilitado material de abuso sexual infantil,<\/b> <strong>caso que tiene como acusado a Juan Carlos Guaimas Martino.\u00a0<\/strong><\/span><\/h4>\n<p><span style=\"color: #000000;\"><span class=\"highlight_text\">El<strong> fiscal Javier Giaroli<\/strong><\/span>,\u00a0<span class=\"highlight_text\">revel\u00f3 detalles de la investigaci\u00f3n<\/span>\u00a0que se inici\u00f3 a trav\u00e9s de un reporte de un organismo norteamericano,\u00a0<span class=\"highlight_text\">National Center for Missing and Exploited Children (NCMEC)<\/span>\u00a0que llev\u00f3 a que la fuera la red social\u00a0<span class=\"highlight_text\">Facebook la que radicara la denuncia penal correspondiente<\/span>.<\/span><\/p>\n<p class=\"gray\"><span style=\"color: #000000;\">A trav\u00e9s de una denuncia que realiz\u00f3 la actual plataforma Beta, ex Facebook, con respecto a actividades il\u00edcitas que hab\u00eda realizado una persona mediante un perfil en esa red, es que comenzamos esta investigaci\u00f3n en agosto del a\u00f1o pasado, y el acusado est\u00e1 privado de su libertad hasta hoy, dijo Giaroli.<\/span><\/p>\n<p><span style=\"color: #000000;\">Reconoci\u00f3 que\u00a0<b><span class=\"highlight_text\">\u00ab<em>La defensa ha sido muy aguerrida y eso ha hecho que se llegara a esta instancia que es una audiencia preliminar donde se va a debatir la prueba que se va a ventilar en el futuro juicio oral\u00bb<\/em>,<\/span><\/b>\u00a0por lo que reci\u00e9n hoy jueves 26 de mayor se realizar\u00e1 la audiencia preparatoria del debate.<\/span><\/p>\n<p><span style=\"color: #000000;\">Para que se entienda esto de los metadatos: una persona que realiza una actividad digital, queda una informaci\u00f3n oculta, por ejemplo al sacar una foto con el tel\u00e9fono, el dato es la foto,<span class=\"highlight_text\">\u00a0pero la informaci\u00f3n que contiene esa fotograf\u00eda, es decir, la fecha y hora en que fue sacada, el dispositivo con que se sac\u00f3, el geoposicionamiento, son los denominados metadatados<\/span>; o sea, datos que est\u00e1n ocultos\u00bb.<\/span><\/p>\n<p><span style=\"color: #000000;\">Al explicar en qu\u00e9 consisti\u00f3 el trabajo investigativo,\u00a0<span class=\"highlight_text\">el magistrado revel\u00f3 que se llev\u00f3 adelante con personal policial pericial especializado, un \u00ab<strong><em>an\u00e1lisis de los metadatos de todas estas comunicaciones, del entrecruzamiento de informaci\u00f3n a trav\u00e9s de los n\u00fameros de IP,<\/em><\/strong><\/span><strong><em>\u00a0por ejemplo, n\u00fameros de tel\u00e9fonos cuando fueron activadas las cuentas de recuperaci\u00f3n de la red social y del usuario de perfil,\u00a0<span class=\"highlight_text\">sin lugar a dudas sindican a Guaimas como autor responsable de estos<\/span>, con el grado de certeza que requiere una sentencia condenatoria<\/em><\/strong>\u00ab, entiende Giaroli.<\/span><\/p>\n","protected":false},"excerpt":{"rendered":"<p>Comienza el juicio a un conocido alvearense denunciado por Facebook de haber facilitado material de abuso sexual infantil, caso que tiene &#8230;<\/p>\n","protected":false},"author":7,"featured_media":109049,"comment_status":"open","ping_status":"open","sticky":false,"template":"","format":"standard","meta":{"footnotes":""},"categories":[5,22],"tags":[],"class_list":["post-109039","post","type-post","status-publish","format-standard","has-post-thumbnail","hentry","category-actualidad","category-justicia"],"_links":{"self":[{"href":"https:\/\/vinasfm.com\/noticias\/wp-json\/wp\/v2\/posts\/109039","targetHints":{"allow":["GET"]}}],"collection":[{"href":"https:\/\/vinasfm.com\/noticias\/wp-json\/wp\/v2\/posts"}],"about":[{"href":"https:\/\/vinasfm.com\/noticias\/wp-json\/wp\/v2\/types\/post"}],"author":[{"embeddable":true,"href":"https:\/\/vinasfm.com\/noticias\/wp-json\/wp\/v2\/users\/7"}],"replies":[{"embeddable":true,"href":"https:\/\/vinasfm.com\/noticias\/wp-json\/wp\/v2\/comments?post=109039"}],"version-history":[{"count":4,"href":"https:\/\/vinasfm.com\/noticias\/wp-json\/wp\/v2\/posts\/109039\/revisions"}],"predecessor-version":[{"id":109064,"href":"https:\/\/vinasfm.com\/noticias\/wp-json\/wp\/v2\/posts\/109039\/revisions\/109064"}],"wp:featuredmedia":[{"embeddable":true,"href":"https:\/\/vinasfm.com\/noticias\/wp-json\/wp\/v2\/media\/109049"}],"wp:attachment":[{"href":"https:\/\/vinasfm.com\/noticias\/wp-json\/wp\/v2\/media?parent=109039"}],"wp:term":[{"taxonomy":"category","embeddable":true,"href":"https:\/\/vinasfm.com\/noticias\/wp-json\/wp\/v2\/categories?post=109039"},{"taxonomy":"post_tag","embeddable":true,"href":"https:\/\/vinasfm.com\/noticias\/wp-json\/wp\/v2\/tags?post=109039"}],"curies":[{"name":"wp","href":"https:\/\/api.w.org\/{rel}","templated":true}]}}