{"id":109034,"date":"2022-05-26T23:01:58","date_gmt":"2022-05-27T02:01:58","guid":{"rendered":"http:\/\/vinasfm.com\/noticias\/?p=109034"},"modified":"2022-05-27T10:52:09","modified_gmt":"2022-05-27T13:52:09","slug":"colocaran-el-refuerzo-de-la-vacuna-contra-el-covid-a-ninos-entre-5-y-11-anos","status":"publish","type":"post","link":"https:\/\/vinasfm.com\/noticias\/colocaran-el-refuerzo-de-la-vacuna-contra-el-covid-a-ninos-entre-5-y-11-anos\/","title":{"rendered":"COLOCAR\u00c1N EL REFUERZO DE LA VACUNA CONTRA EL COVID A NI\u00d1OS ENTRE 5 Y 11 A\u00d1OS"},"content":{"rendered":"<h4><span style=\"color: #000000;\"><strong>Ni\u00f1os de entre 5 y 11 a\u00f1os recibir\u00e1n en Mendoza, y en el resto del pa\u00eds, la\u00a0vacuna de refuerzo contra el Covid-19. As\u00ed lo acordaron los ministros de Salud de las provincias en el Consejo Federal de Salud (Cofesa).<\/strong><\/span><\/h4>\n<p><span style=\"color: #000000;\">Seg\u00fan advirtieron desde el Ministerio de Salud de la Naci\u00f3n,\u00a0<strong>se utilizar\u00e1n en la vacunaci\u00f3n de ni\u00f1os las vacunas que tengan plataforma ARNm<\/strong>\u00a0(<strong>Moderna y Pfizer<\/strong>), que se aplicar\u00e1n, al\u00a0igual que en los adultos, por lo menos 120 d\u00edas despu\u00e9s de completado el esquema\u00a0de vacunaci\u00f3n inicial.<\/span><\/p>\n<p><span style=\"color: #000000;\">Esa decisi\u00f3n cuenta con el apoyo de la Sociedad Argentina de Pediatr\u00eda (SAP). \u00ab<strong><em>Ya se cuenta con suficiente informaci\u00f3n sobre la seguridad de estas vacunas en chicas y chicos<\/em><\/strong>\u00ab, advirtieron los especialistas.<\/span><\/p>\n<p><span style=\"color: #000000;\">En Mendoza, ya se est\u00e1 aplicando el segundo refuerzo a mayores de 18 a\u00f1os que hayan cumplido los 4 meses desde la vacunaci\u00f3n con el primero. En tanto que\u00a0<strong>se espera el anuncio formal por parte del Gobierno provincial para los pr\u00f3ximos d\u00edas para avanzar con la de ni\u00f1os recientemente acordada.<\/strong><\/span><\/p>\n","protected":false},"excerpt":{"rendered":"<p>Ni\u00f1os de entre 5 y 11 a\u00f1os recibir\u00e1n en Mendoza, y en el resto del pa\u00eds, la\u00a0vacuna de refuerzo contra el &#8230;<\/p>\n","protected":false},"author":8,"featured_media":34007,"comment_status":"open","ping_status":"open","sticky":false,"template":"","format":"standard","meta":{"footnotes":""},"categories":[5,15],"tags":[],"class_list":["post-109034","post","type-post","status-publish","format-standard","has-post-thumbnail","hentry","category-actualidad","category-salud"],"_links":{"self":[{"href":"https:\/\/vinasfm.com\/noticias\/wp-json\/wp\/v2\/posts\/109034","targetHints":{"allow":["GET"]}}],"collection":[{"href":"https:\/\/vinasfm.com\/noticias\/wp-json\/wp\/v2\/posts"}],"about":[{"href":"https:\/\/vinasfm.com\/noticias\/wp-json\/wp\/v2\/types\/post"}],"author":[{"embeddable":true,"href":"https:\/\/vinasfm.com\/noticias\/wp-json\/wp\/v2\/users\/8"}],"replies":[{"embeddable":true,"href":"https:\/\/vinasfm.com\/noticias\/wp-json\/wp\/v2\/comments?post=109034"}],"version-history":[{"count":3,"href":"https:\/\/vinasfm.com\/noticias\/wp-json\/wp\/v2\/posts\/109034\/revisions"}],"predecessor-version":[{"id":109076,"href":"https:\/\/vinasfm.com\/noticias\/wp-json\/wp\/v2\/posts\/109034\/revisions\/109076"}],"wp:featuredmedia":[{"embeddable":true,"href":"https:\/\/vinasfm.com\/noticias\/wp-json\/wp\/v2\/media\/34007"}],"wp:attachment":[{"href":"https:\/\/vinasfm.com\/noticias\/wp-json\/wp\/v2\/media?parent=109034"}],"wp:term":[{"taxonomy":"category","embeddable":true,"href":"https:\/\/vinasfm.com\/noticias\/wp-json\/wp\/v2\/categories?post=109034"},{"taxonomy":"post_tag","embeddable":true,"href":"https:\/\/vinasfm.com\/noticias\/wp-json\/wp\/v2\/tags?post=109034"}],"curies":[{"name":"wp","href":"https:\/\/api.w.org\/{rel}","templated":true}]}}