{"id":109024,"date":"2022-05-26T23:59:57","date_gmt":"2022-05-27T02:59:57","guid":{"rendered":"http:\/\/vinasfm.com\/noticias\/?p=109024"},"modified":"2022-05-27T10:58:10","modified_gmt":"2022-05-27T13:58:10","slug":"derivaron-al-hospital-central-a-un-hombre-agredido-por-encapuchados-en-la-estacion-de-servicio-gnc-del-acceso-este","status":"publish","type":"post","link":"https:\/\/vinasfm.com\/noticias\/derivaron-al-hospital-central-a-un-hombre-agredido-por-encapuchados-en-la-estacion-de-servicio-gnc-del-acceso-este\/","title":{"rendered":"DERIVARON AL HOSPITAL CENTRAL A UN HOMBRE AGREDIDO POR ENCAPUCHADOS EN LA ESTACI\u00d3N DE SERVICIO GNC DEL ACCESO ESTE"},"content":{"rendered":"<h4><span style=\"color: #000000;\"><strong>Se trata de una persona de 33 a\u00f1os quien en horas de la noche de este mi\u00e9rcoles fue trasladado al Hospital Central de la Ciudad de Mendoza a ra\u00edz de las lesiones que presentaba luego de ser atacado por encapuchados en la estaci\u00f3n de servicio GNC situada en el Acceso Este y calle P\u00fablica.<\/strong><\/span><\/h4>\n<p><span style=\"color: #000000;\">Extraoficialmente, testigos del hecho confiaron a <strong>F.M. VI\u00d1AS<\/strong> que<strong> cerca de las 06hs de ayer<\/strong> un grupo de amigos sali\u00f3 de un local bailable ubicado en Acceso Este y calle Silvio Triccerri y <strong>se detuvieron en dicha estaci\u00f3n de servicio, donde uno de ellos se baj\u00f3 para usar el ba\u00f1o<\/strong>.<\/span><\/p>\n<p><span style=\"color: #000000;\">En simult\u00e1neo, <strong>se atraves\u00f3 un autom\u00f3vil con tres sujetos con el rostro cubierto<\/strong>, dos de los cuales <strong>acorralaron a la v\u00edctima y le propinaron una feroz golpiza para luego darse a la fuga<\/strong>. Por su parte, el grupo de amigos tambi\u00e9n se retir\u00f3 del lugar.<\/span><\/p>\n<p><span style=\"color: #000000;\">Horas m\u00e1s tarde, <strong>el agredido no soportando el dolor provocado por las lesiones que revest\u00eda acude a la guardia del hospital local para sus asistencia<\/strong>. Los profesionales de la salud constatan que presentaba<strong><em> fractura orbital con afecci\u00f3n ocular<\/em> <\/strong>por lo que decidieron derivarlo al hospital Central de la capital provincial.<\/span><\/p>\n<p><span style=\"color: #000000;\">Actualmente, por orden del Ayudante Fiscal se practican averiguaciones para tratar de esclarecer lo sucedido conforme a la causa caratulada como &#8216;<strong><em>Averiguaci\u00f3n Lesiones<\/em><\/strong>&#8216;.<\/span><\/p>\n","protected":false},"excerpt":{"rendered":"<p>Se trata de una persona de 33 a\u00f1os quien en horas de la noche de este mi\u00e9rcoles fue trasladado al Hospital &#8230;<\/p>\n","protected":false},"author":8,"featured_media":4206,"comment_status":"open","ping_status":"open","sticky":false,"template":"","format":"standard","meta":{"footnotes":""},"categories":[5,15],"tags":[],"class_list":["post-109024","post","type-post","status-publish","format-standard","has-post-thumbnail","hentry","category-actualidad","category-salud"],"_links":{"self":[{"href":"https:\/\/vinasfm.com\/noticias\/wp-json\/wp\/v2\/posts\/109024","targetHints":{"allow":["GET"]}}],"collection":[{"href":"https:\/\/vinasfm.com\/noticias\/wp-json\/wp\/v2\/posts"}],"about":[{"href":"https:\/\/vinasfm.com\/noticias\/wp-json\/wp\/v2\/types\/post"}],"author":[{"embeddable":true,"href":"https:\/\/vinasfm.com\/noticias\/wp-json\/wp\/v2\/users\/8"}],"replies":[{"embeddable":true,"href":"https:\/\/vinasfm.com\/noticias\/wp-json\/wp\/v2\/comments?post=109024"}],"version-history":[{"count":2,"href":"https:\/\/vinasfm.com\/noticias\/wp-json\/wp\/v2\/posts\/109024\/revisions"}],"predecessor-version":[{"id":109030,"href":"https:\/\/vinasfm.com\/noticias\/wp-json\/wp\/v2\/posts\/109024\/revisions\/109030"}],"wp:featuredmedia":[{"embeddable":true,"href":"https:\/\/vinasfm.com\/noticias\/wp-json\/wp\/v2\/media\/4206"}],"wp:attachment":[{"href":"https:\/\/vinasfm.com\/noticias\/wp-json\/wp\/v2\/media?parent=109024"}],"wp:term":[{"taxonomy":"category","embeddable":true,"href":"https:\/\/vinasfm.com\/noticias\/wp-json\/wp\/v2\/categories?post=109024"},{"taxonomy":"post_tag","embeddable":true,"href":"https:\/\/vinasfm.com\/noticias\/wp-json\/wp\/v2\/tags?post=109024"}],"curies":[{"name":"wp","href":"https:\/\/api.w.org\/{rel}","templated":true}]}}