{"id":109014,"date":"2022-05-26T08:51:24","date_gmt":"2022-05-26T11:51:24","guid":{"rendered":"http:\/\/vinasfm.com\/noticias\/?p=109014"},"modified":"2022-05-27T08:55:19","modified_gmt":"2022-05-27T11:55:19","slug":"alvear-celebro-un-nuevo-aniversario-de-la-revolucion-de-mayo","status":"publish","type":"post","link":"https:\/\/vinasfm.com\/noticias\/alvear-celebro-un-nuevo-aniversario-de-la-revolucion-de-mayo\/","title":{"rendered":"ALVEAR CELEBR\u00d3 UN NUEVO ANIVERSARIO DE LA REVOLUCI\u00d3N DE MAYO"},"content":{"rendered":"<h4><strong><span style=\"color: #000000;\">Los actos por el 212\u00ba aniversario de la Revoluci\u00f3n de Mayo se realizaron en Bowen. Tanto la Velada Patri\u00f3tica como el Tedeum contaron con la participaci\u00f3n de los vecinos de General Alvear que se sumaron a los festejos.<\/span><\/strong><\/h4>\n<p><span style=\"color: #000000;\">Con la presencia del intendente Walther Marcolini se desarrollaron los actos por el 212\u00ba aniversario de la Revoluci\u00f3n de Mayo, el Jefe Comunal destac\u00f3 la presencia de los vecinos, celebrando esta fecha que marca el inicio del proceso independentista en Am\u00e9rica Latina: \u201c<strong><em>En nuestro pa\u00eds fue muy importante este proceso, que tuvo un cierre en 1816<\/em><\/strong>\u201d.<\/span><\/p>\n<div id=\"attachment_109016\" style=\"width: 300px\" class=\"wp-caption alignleft\"><a href=\"http:\/\/vinasfm.com\/noticias\/wp-content\/uploads\/2022\/05\/Acto-25-de-Mayo-21-scaled.jpg\"><img loading=\"lazy\" decoding=\"async\" aria-describedby=\"caption-attachment-109016\" class=\"wp-image-109016 size-medium\" src=\"http:\/\/vinasfm.com\/noticias\/wp-content\/uploads\/2022\/05\/Acto-25-de-Mayo-21-300x169.jpg\" alt=\"\" width=\"300\" height=\"169\" srcset=\"https:\/\/vinasfm.com\/noticias\/wp-content\/uploads\/2022\/05\/Acto-25-de-Mayo-21-300x169.jpg 300w, https:\/\/vinasfm.com\/noticias\/wp-content\/uploads\/2022\/05\/Acto-25-de-Mayo-21-1024x576.jpg 1024w, https:\/\/vinasfm.com\/noticias\/wp-content\/uploads\/2022\/05\/Acto-25-de-Mayo-21-768x432.jpg 768w, https:\/\/vinasfm.com\/noticias\/wp-content\/uploads\/2022\/05\/Acto-25-de-Mayo-21-1536x864.jpg 1536w, https:\/\/vinasfm.com\/noticias\/wp-content\/uploads\/2022\/05\/Acto-25-de-Mayo-21-2048x1152.jpg 2048w, https:\/\/vinasfm.com\/noticias\/wp-content\/uploads\/2022\/05\/Acto-25-de-Mayo-21-750x420.jpg 750w, https:\/\/vinasfm.com\/noticias\/wp-content\/uploads\/2022\/05\/Acto-25-de-Mayo-21-1140x641.jpg 1140w\" sizes=\"auto, (max-width: 300px) 100vw, 300px\" \/><\/a><p id=\"caption-attachment-109016\" class=\"wp-caption-text\">Acto Oficial por el 25 de Mayo.<\/p><\/div>\n<p><span style=\"color: #000000;\">La Delegada de Bowen Eliana Manzano fue la encargada de darle la bienvenida a los vecinos del departamento que se acercaron a celebrar esta importante fecha patria: \u201c<strong><em>Tenemos mucha convocatoria de gente, es un honor celebrar esta fecha en el distrito. Tuvimos una noche muy especial con la Velada Patri\u00f3tica y hoy continuamos con los festejos con el acto protocolar<\/em><\/strong>\u201d. <\/span><\/p>\n<p><span style=\"color: #000000;\">La Velada Patri\u00f3tica se desarroll\u00f3 en el Club Uni\u00f3n Social y Deportiva Bowen, donde se presentaron Sol D\u00fao, el Ballet Municipal y la Orquesta Filarm\u00f3nica de Alvear: \u201c<strong><em>Estamos felices, fue una noche hermosa donde creo que todos vibramos, el cierre con el himno y todos los artistas fue muy emotivo, por la pandemia no pod\u00edamos celebrar todos juntos y hoy pudimos hacerlo<\/em><\/strong>\u201d destac\u00f3 la Directora de Cultura Liana Piedrafita.<\/span><\/p>\n<p><span style=\"color: #000000;\">El Secretario de Gobierno Mariano Varela, durante el acto oficial que cont\u00f3 con la presencia de veteranos de Malvinas y un desfile del IUSP, realiz\u00f3 un racconto por la historia de nuestro pa\u00eds, destacando la tarea de aquellos patriotas que pensaron una gran naci\u00f3n, pese a haberse encontrado con una tierra debilitada por los invasores: \u201c<strong><em>Tenemos que recordarlos y homenajearlos, pens\u00e1ndonos y reveer algunas situaciones en las que nos encontramos como naci\u00f3n, trabajando unidos, como hermanos y que este sea el momento de una nueva revoluci\u00f3n, formando un pa\u00eds serio, con personas unidas que puedan alcanzar objetivos claros<\/em><\/strong>\u201d dijo, a la vez que exalt\u00f3 lo hecho en nuestro departamento durante los \u00faltimos a\u00f1os, con obras federales y que miran hacia el futuro.<\/span><\/p>\n<p><span style=\"color: #000000;\">Adem\u00e1s de celebrar esta importante fecha, el intendente Walther Marcolini realiz\u00f3 un repaso por algunos acontecimientos importantes que se han dado en los \u00faltimos d\u00edas en nuestro departamento como la licitaci\u00f3n de la Escuela Ana Mar\u00eda Polito de Fiondella y de la Guardia del Hospital Enfermeros Argentinos: \u201c<strong><em>Se abrieron los sobres para la licitaci\u00f3n de la escuela Ana Mar\u00eda Polito de Fiondella, fue una de las prioridades que se marc\u00f3. La obra se va a adjudicar, el Ministerio de Infraestructura y Planificaci\u00f3n va a hacer una actualizaci\u00f3n de precios y esperamos que en un mes y medio comience la obra en el predio de UGACOOP. Adem\u00e1s ma\u00f1ana se van a abrir los sobres para la obra de la guardia del hospital, que es necesaria ya que, tanto la salud como la educaci\u00f3n, marca el derrotero de un pueblo<\/em><\/strong>\u201d.<\/span><\/p>\n<p><span style=\"color: #000000;\">Acerca del viaje a Sunchales, junto con el Gobernador y otros intendentes de la Provincia, el Jefe Comunal dijo: \u201c<strong><em>Fue una agenda muy rica, donde uno siempre aprende, yo tuve la oportunidad de estar muchas veces en Sunchales, que es la Capital Nacional del Cooperativismo en la Argentina, y realmente sorprende lo importante que son las empresas cuando tienen una responsabilidad social, en este caso con instituciones educativas con 400 estudiantes, o un desarrollador de unicornios, de start up, donde generan proyectos tecnol\u00f3gicos y salen a cazar talentos, como los que tiene General Alvea<\/em><\/strong>r\u201d, dijo y adem\u00e1s adelant\u00f3 que profesionales llegar\u00e1n a nuestro departamento a mediados de junio para llevar adelante algunos de los proyectos que tiene UGACOOP y transformarlos en emprendimientos.<\/span><\/p>\n","protected":false},"excerpt":{"rendered":"<p>Los actos por el 212\u00ba aniversario de la Revoluci\u00f3n de Mayo se realizaron en Bowen. Tanto la Velada Patri\u00f3tica como el &#8230;<\/p>\n","protected":false},"author":8,"featured_media":109015,"comment_status":"open","ping_status":"open","sticky":false,"template":"","format":"standard","meta":{"footnotes":""},"categories":[5,10],"tags":[],"class_list":["post-109014","post","type-post","status-publish","format-standard","has-post-thumbnail","hentry","category-actualidad","category-destacadas"],"_links":{"self":[{"href":"https:\/\/vinasfm.com\/noticias\/wp-json\/wp\/v2\/posts\/109014","targetHints":{"allow":["GET"]}}],"collection":[{"href":"https:\/\/vinasfm.com\/noticias\/wp-json\/wp\/v2\/posts"}],"about":[{"href":"https:\/\/vinasfm.com\/noticias\/wp-json\/wp\/v2\/types\/post"}],"author":[{"embeddable":true,"href":"https:\/\/vinasfm.com\/noticias\/wp-json\/wp\/v2\/users\/8"}],"replies":[{"embeddable":true,"href":"https:\/\/vinasfm.com\/noticias\/wp-json\/wp\/v2\/comments?post=109014"}],"version-history":[{"count":1,"href":"https:\/\/vinasfm.com\/noticias\/wp-json\/wp\/v2\/posts\/109014\/revisions"}],"predecessor-version":[{"id":109018,"href":"https:\/\/vinasfm.com\/noticias\/wp-json\/wp\/v2\/posts\/109014\/revisions\/109018"}],"wp:featuredmedia":[{"embeddable":true,"href":"https:\/\/vinasfm.com\/noticias\/wp-json\/wp\/v2\/media\/109015"}],"wp:attachment":[{"href":"https:\/\/vinasfm.com\/noticias\/wp-json\/wp\/v2\/media?parent=109014"}],"wp:term":[{"taxonomy":"category","embeddable":true,"href":"https:\/\/vinasfm.com\/noticias\/wp-json\/wp\/v2\/categories?post=109014"},{"taxonomy":"post_tag","embeddable":true,"href":"https:\/\/vinasfm.com\/noticias\/wp-json\/wp\/v2\/tags?post=109014"}],"curies":[{"name":"wp","href":"https:\/\/api.w.org\/{rel}","templated":true}]}}