{"id":109,"date":"2015-04-27T10:21:46","date_gmt":"2015-04-27T13:21:46","guid":{"rendered":"http:\/\/vinasfm.com\/noticias\/?p=109"},"modified":"2015-04-29T00:23:23","modified_gmt":"2015-04-29T03:23:23","slug":"el-partido-justicialista-presento-sis-candidatos-oficiales","status":"publish","type":"post","link":"https:\/\/vinasfm.com\/noticias\/el-partido-justicialista-presento-sis-candidatos-oficiales\/","title":{"rendered":"El Partido Justicialista present\u00f3 sis candidatos oficiales"},"content":{"rendered":"<p><strong>De Paolo se mostr\u00f3 unido con los dem\u00e1s ex precandidatos del PJ, y present\u00f3 a sus candidatos a concejales.<\/strong><\/p>\n<p>El actual Intendente, Juan Carlos De Paolo, realiz\u00f3 un acto el pasado viernes donde dio a conocer las expectativas de su nuevamente postulaci\u00f3n a Intendente, y la presentaci\u00f3n oficial de su lista de concejales. Del acto, tambi\u00e9n participaron los ex pre-candidatos a la Intendencia Eduardo Pico y Claudio Rodr\u00edguez.<\/p>\n<p>\u201cEste gobierno nos rescat\u00f3, nos desendeud\u00f3, nos dio la posibilidad de que los ancianos no terminen tirados en un rinc\u00f3n sino que vivan dignamente sus \u00faltimos a\u00f1os provengan de donde provengan y no sean una carga para sus hijos. Esto tiene mucho m\u00e1s que un sentido econ\u00f3mico, tiene un sentido profundamente humano. Cuando digo hay que salir a trabajar, hay que recordar quienes somos, de donde vinimos, donde estamos y hacia donde queremos ir. Con esas herramientas, no quedan dudas que vamos a triunfar en todos los \u00e1mbitos. La fuerza est\u00e1 en la verdad. Nos espera un futuro venturoso, a partir de los proyectos nacionales y lo que hemos construido los peronistas en Alvear\u201d destac\u00f3 el mandatario.<\/p>\n<p>La lista de concejales queda de la siguiente manera:<\/p>\n<p>1\u00b0 Lugar: Gustavo Vendramin<\/p>\n<p>2\u00b0 Lugar: Mar\u00eda Rosa Leico<\/p>\n<p>3\u00b0 Lugar Gustavo Neme<\/p>\n<p>Y finaliz\u00f3 \u201cNo olvidemos de d\u00f3nde venimos, los pueblos que no recuerdan su pasado no tienen porvenir. Salgamos con aquellas cosas que est\u00e1n por venir, las que disfrutar\u00e1n nuestros hijos y nietos, de un pa\u00eds justo, de un pa\u00eds solidario. Nuestro proyecto pol\u00edtico es el de la independencia econ\u00f3mica, el de la soberan\u00eda pol\u00edtica, y el de la justicia social\u201d.<\/p>\n","protected":false},"excerpt":{"rendered":"<p>De Paolo se mostr\u00f3 unido con los dem\u00e1s ex precandidatos del PJ, y present\u00f3 a sus candidatos a concejales. El actual &#8230;<\/p>\n","protected":false},"author":1,"featured_media":110,"comment_status":"open","ping_status":"open","sticky":false,"template":"","format":"standard","meta":{"footnotes":""},"categories":[7],"tags":[],"class_list":["post-109","post","type-post","status-publish","format-standard","has-post-thumbnail","hentry","category-politica"],"_links":{"self":[{"href":"https:\/\/vinasfm.com\/noticias\/wp-json\/wp\/v2\/posts\/109","targetHints":{"allow":["GET"]}}],"collection":[{"href":"https:\/\/vinasfm.com\/noticias\/wp-json\/wp\/v2\/posts"}],"about":[{"href":"https:\/\/vinasfm.com\/noticias\/wp-json\/wp\/v2\/types\/post"}],"author":[{"embeddable":true,"href":"https:\/\/vinasfm.com\/noticias\/wp-json\/wp\/v2\/users\/1"}],"replies":[{"embeddable":true,"href":"https:\/\/vinasfm.com\/noticias\/wp-json\/wp\/v2\/comments?post=109"}],"version-history":[{"count":1,"href":"https:\/\/vinasfm.com\/noticias\/wp-json\/wp\/v2\/posts\/109\/revisions"}],"predecessor-version":[{"id":111,"href":"https:\/\/vinasfm.com\/noticias\/wp-json\/wp\/v2\/posts\/109\/revisions\/111"}],"wp:featuredmedia":[{"embeddable":true,"href":"https:\/\/vinasfm.com\/noticias\/wp-json\/wp\/v2\/media\/110"}],"wp:attachment":[{"href":"https:\/\/vinasfm.com\/noticias\/wp-json\/wp\/v2\/media?parent=109"}],"wp:term":[{"taxonomy":"category","embeddable":true,"href":"https:\/\/vinasfm.com\/noticias\/wp-json\/wp\/v2\/categories?post=109"},{"taxonomy":"post_tag","embeddable":true,"href":"https:\/\/vinasfm.com\/noticias\/wp-json\/wp\/v2\/tags?post=109"}],"curies":[{"name":"wp","href":"https:\/\/api.w.org\/{rel}","templated":true}]}}