{"id":108995,"date":"2022-05-25T10:27:39","date_gmt":"2022-05-25T13:27:39","guid":{"rendered":"http:\/\/vinasfm.com\/noticias\/?p=108995"},"modified":"2022-05-25T10:47:30","modified_gmt":"2022-05-25T13:47:30","slug":"detuvieron-a-cuatro-sujetos-por-beber-en-la-via-publica-y-resistirse-a-la-autoridad","status":"publish","type":"post","link":"https:\/\/vinasfm.com\/noticias\/detuvieron-a-cuatro-sujetos-por-beber-en-la-via-publica-y-resistirse-a-la-autoridad\/","title":{"rendered":"DETUVIERON A CUATRO SUJETOS POR BEBER EN LA V\u00cdA P\u00daBLICA Y RESISTIRSE A LA AUTORIDAD"},"content":{"rendered":"<h4><span style=\"color: #000000;\"><strong>Cuatro hombres, oriundos del departamento Luj\u00e1n de Cuyo, fueron aprehendidos en horas de la madrugada de este martes por consumir alcohol en la v\u00eda p\u00fablica. Uno de ellos fue procesado por resistencia a la autoridad.<\/strong><\/span><\/h4>\n<p><span style=\"color: #000000;\">El <strong>Subcomisario Jos\u00e9 L\u00f3pez<\/strong> inform\u00f3 que<strong> alrededor de la 1:50hs de ayer<\/strong> fueron advertidos al 911 sobre la presencia <strong>cuatro personas que estaban causando molestias en Avenida Libertador Sur y calle Col\u00f3n de Ciudad<\/strong> por lo que una patrulla policial se desplaz\u00f3 hasta dicha intersecci\u00f3n.<\/span><\/p>\n<p><span style=\"color: #000000;\">Al llegar corroboraron que los se\u00f1alados<strong> estaban consumiendo bebidas alcoh\u00f3licas por lo que procedieron a identificarlos y aprehenderlos<\/strong>, conforme estipula la legislaci\u00f3n vigente. En ese momento <strong>uno de ellos se resisti\u00f3 a la orden policial comenzando a agredirlos por lo que tuvo que ser reducido<\/strong>.<\/span><\/p>\n<p><span style=\"color: #000000;\">Conforme a las directivas del Ayudante Fiscal en turno<strong> tres de ellos fueron procesados por infringir el C\u00f3digo Contravencional<\/strong> mientras que <strong>el agresor qued\u00f3 supeditado a una causa caratulada como<\/strong> &#8216;<strong><em>resistencia a la autoridad<\/em><\/strong>&#8216;.<\/span><\/p>\n","protected":false},"excerpt":{"rendered":"<p>Cuatro hombres, oriundos del departamento Luj\u00e1n de Cuyo, fueron aprehendidos en horas de la madrugada de este martes por consumir alcohol &#8230;<\/p>\n","protected":false},"author":8,"featured_media":28626,"comment_status":"open","ping_status":"open","sticky":false,"template":"","format":"standard","meta":{"footnotes":""},"categories":[5,4],"tags":[],"class_list":["post-108995","post","type-post","status-publish","format-standard","has-post-thumbnail","hentry","category-actualidad","category-policiales"],"_links":{"self":[{"href":"https:\/\/vinasfm.com\/noticias\/wp-json\/wp\/v2\/posts\/108995","targetHints":{"allow":["GET"]}}],"collection":[{"href":"https:\/\/vinasfm.com\/noticias\/wp-json\/wp\/v2\/posts"}],"about":[{"href":"https:\/\/vinasfm.com\/noticias\/wp-json\/wp\/v2\/types\/post"}],"author":[{"embeddable":true,"href":"https:\/\/vinasfm.com\/noticias\/wp-json\/wp\/v2\/users\/8"}],"replies":[{"embeddable":true,"href":"https:\/\/vinasfm.com\/noticias\/wp-json\/wp\/v2\/comments?post=108995"}],"version-history":[{"count":5,"href":"https:\/\/vinasfm.com\/noticias\/wp-json\/wp\/v2\/posts\/108995\/revisions"}],"predecessor-version":[{"id":109002,"href":"https:\/\/vinasfm.com\/noticias\/wp-json\/wp\/v2\/posts\/108995\/revisions\/109002"}],"wp:featuredmedia":[{"embeddable":true,"href":"https:\/\/vinasfm.com\/noticias\/wp-json\/wp\/v2\/media\/28626"}],"wp:attachment":[{"href":"https:\/\/vinasfm.com\/noticias\/wp-json\/wp\/v2\/media?parent=108995"}],"wp:term":[{"taxonomy":"category","embeddable":true,"href":"https:\/\/vinasfm.com\/noticias\/wp-json\/wp\/v2\/categories?post=108995"},{"taxonomy":"post_tag","embeddable":true,"href":"https:\/\/vinasfm.com\/noticias\/wp-json\/wp\/v2\/tags?post=108995"}],"curies":[{"name":"wp","href":"https:\/\/api.w.org\/{rel}","templated":true}]}}