{"id":108992,"date":"2022-05-25T23:50:23","date_gmt":"2022-05-26T02:50:23","guid":{"rendered":"http:\/\/vinasfm.com\/noticias\/?p=108992"},"modified":"2022-05-26T10:33:57","modified_gmt":"2022-05-26T13:33:57","slug":"licitaron-la-construccion-del-nuevo-edificio-de-la-escuela-especial-ana-maria-polito-de-fiondella","status":"publish","type":"post","link":"https:\/\/vinasfm.com\/noticias\/licitaron-la-construccion-del-nuevo-edificio-de-la-escuela-especial-ana-maria-polito-de-fiondella\/","title":{"rendered":"LICITARON LA CONSTRUCCI\u00d3N DEL NUEVO EDIFICIO DE LA ESCUELA ESPECIAL &#8216;ANA MAR\u00cdA POLITO DE FIONDELLA&#8217;"},"content":{"rendered":"<h4><strong><span style=\"color: #000000;\">El Ministerio de Planificaci\u00f3n e Infraestructura licit\u00f3 la refuncionalizaci\u00f3n y rehabilitaci\u00f3n de la Escuela 2-048 Ana Mar\u00eda Polito de Fiondella, que se emplazar\u00e1 en el predio de la Ugacoop de General Alvear.<\/span><\/strong><\/h4>\n<p><span style=\"color: #000000;\">Este martes, se abrieron los sobres en el 7\u00ba piso de la Casa de Gobierno y se presentaron tres empresas. Los oferentes fueron: Terra SRL, Agrocon SRL y Universo SA. La inversi\u00f3n oficial prevista es de m\u00e1s de $117 millones y el plazo de ejecuci\u00f3n de la obra b\u00e1sica es de 300 d\u00edas.<\/span><\/p>\n<p><span style=\"color: #000000;\">La Escuela Ana Mar\u00eda Polito de Fiondella atiende a ni\u00f1os y adolescentes con diferentes patolog\u00edas sensoriales y discapacidades m\u00faltiples.<\/span><\/p>\n<p><span style=\"color: #000000;\">Actualmente, este establecimiento escolar tiene su sede en una casa que la Direcci\u00f3n General de Escuelas alquila desde 2006 y que, debido al incremento de la matr\u00edcula de alumnos y de personal, no es funcional para el dictado normal de clases.<\/span><\/p>\n<p><span style=\"color: #000000;\">Por esto, en una casa chalet, que es patrimonio departamental y se encuentra dentro del predio, se emplazar\u00e1 el nuevo establecimiento educativo, ya que las dimensiones del lugar son aptas para el funcionamiento de la escuela especial que debe ser trasladada.<\/span><\/p>\n<p><span style=\"color: #000000;\">De este modo, la puesta en marcha de la obra significar\u00e1 la construcci\u00f3n del primer establecimiento escolar en el predio de la Ugacoop.<\/span><\/p>\n<p><span style=\"color: #000000;\">Tambi\u00e9n est\u00e1 previsto que en el predio cooperativo funcionen dos institutos de educaci\u00f3n superior y una escuela art\u00edstica. As\u00ed, sobre una superficie de 3.500 m2 estar\u00e1n el Instituto de Educaci\u00f3n Superior Salvador Calafat, la Escuela Art\u00edstica Alberto Williams y el Instituto de Educaci\u00f3n Superior Idesa-Ugacoop.<\/span><\/p>\n<p><span style=\"color: #000000;\">Estas instalaciones que el Gobierno realizar\u00e1 en el Sur provincial convivir\u00e1n con los talleres, aulas y laboratorios que est\u00e1n en los galpones del predio cooperativo.<\/span><\/p>\n<p><span style=\"color: #000000;\">Adem\u00e1s, la Provincia est\u00e1 gestionando ante el Gobierno nacional el financiamiento para ejecutar de manera conjunta la construcci\u00f3n de un Centro de Desarrollo Infantil (CDI), que tambi\u00e9n formar\u00eda parte del complejo.<\/span><\/p>\n<h4><span style=\"color: #000000;\"><strong>\u00bfQu\u00e9 es Ugacoop?<\/strong><\/span><\/h4>\n<p><span style=\"color: #000000;\">Es una cooperativa de provisi\u00f3n de servicios de ense\u00f1anza para educadores y agentes afines a la educaci\u00f3n. Tiene la misi\u00f3n de formar personas comprometidas con el desarrollo integral de la comunidad y con una visi\u00f3n de la universidad como una gran red p\u00fablica-privada, que integra actores diversos del territorio.<\/span><\/p>\n<p><span style=\"color: #000000;\">Este proyecto encuentra inmediato apoyo entre cooperativas del departamento de General Alvear, y los estados provincial, municipal e incluso nacional. Se suman tambi\u00e9n organizaciones sociales, asociaciones intermedias e instituciones vinculadas con la promoci\u00f3n econ\u00f3mica. De esta manera, el proyecto articula intereses del sector p\u00fablico, privado y de la econom\u00eda social.<\/span><\/p>\n<p><span style=\"color: #000000;\">En ese marco, en 2013, nace en la \u00f3rbita de la Ugacoop el Instituto de Educaci\u00f3n Superior Alvear Idesa, constituy\u00e9ndose como un Instituto de Educaci\u00f3n Superior Privado de Gesti\u00f3n Cooperativa.<\/span><\/p>\n","protected":false},"excerpt":{"rendered":"<p>El Ministerio de Planificaci\u00f3n e Infraestructura licit\u00f3 la refuncionalizaci\u00f3n y rehabilitaci\u00f3n de la Escuela 2-048 Ana Mar\u00eda Polito de Fiondella, que &#8230;<\/p>\n","protected":false},"author":8,"featured_media":108993,"comment_status":"open","ping_status":"open","sticky":false,"template":"","format":"standard","meta":{"footnotes":""},"categories":[5,18],"tags":[],"class_list":["post-108992","post","type-post","status-publish","format-standard","has-post-thumbnail","hentry","category-actualidad","category-educacion"],"_links":{"self":[{"href":"https:\/\/vinasfm.com\/noticias\/wp-json\/wp\/v2\/posts\/108992","targetHints":{"allow":["GET"]}}],"collection":[{"href":"https:\/\/vinasfm.com\/noticias\/wp-json\/wp\/v2\/posts"}],"about":[{"href":"https:\/\/vinasfm.com\/noticias\/wp-json\/wp\/v2\/types\/post"}],"author":[{"embeddable":true,"href":"https:\/\/vinasfm.com\/noticias\/wp-json\/wp\/v2\/users\/8"}],"replies":[{"embeddable":true,"href":"https:\/\/vinasfm.com\/noticias\/wp-json\/wp\/v2\/comments?post=108992"}],"version-history":[{"count":1,"href":"https:\/\/vinasfm.com\/noticias\/wp-json\/wp\/v2\/posts\/108992\/revisions"}],"predecessor-version":[{"id":108994,"href":"https:\/\/vinasfm.com\/noticias\/wp-json\/wp\/v2\/posts\/108992\/revisions\/108994"}],"wp:featuredmedia":[{"embeddable":true,"href":"https:\/\/vinasfm.com\/noticias\/wp-json\/wp\/v2\/media\/108993"}],"wp:attachment":[{"href":"https:\/\/vinasfm.com\/noticias\/wp-json\/wp\/v2\/media?parent=108992"}],"wp:term":[{"taxonomy":"category","embeddable":true,"href":"https:\/\/vinasfm.com\/noticias\/wp-json\/wp\/v2\/categories?post=108992"},{"taxonomy":"post_tag","embeddable":true,"href":"https:\/\/vinasfm.com\/noticias\/wp-json\/wp\/v2\/tags?post=108992"}],"curies":[{"name":"wp","href":"https:\/\/api.w.org\/{rel}","templated":true}]}}