{"id":108963,"date":"2022-05-26T23:59:22","date_gmt":"2022-05-27T02:59:22","guid":{"rendered":"http:\/\/vinasfm.com\/noticias\/?p=108963"},"modified":"2022-05-30T09:00:56","modified_gmt":"2022-05-30T12:00:56","slug":"el-intendente-marcolini-anuncio-la-licitacion-de-importantes-obras-en-alvear","status":"publish","type":"post","link":"https:\/\/vinasfm.com\/noticias\/el-intendente-marcolini-anuncio-la-licitacion-de-importantes-obras-en-alvear\/","title":{"rendered":"EL INTENDENTE MARCOLINI ANUNCI\u00d3 LA LICITACI\u00d3N DE IMPORTANTES OBRAS EN ALVEAR"},"content":{"rendered":"<h4><span style=\"color: #000000;\"><strong>El Jefe comunal Walther Marcolini viajo a la provincia de Santa Fe, junto al Gobernador Rodolfo Suarez, en Ministros de Hacienda, V\u00edctor Fayad, y tres intendentes m\u00e1s de la provincia, en el viaje visitaron el Centro de Innovaci\u00f3n Tecnol\u00f3gica, Empresarial y Social (CITES) del grupo SanCor Seguros.<\/strong><\/span><\/h4>\n<p><span style=\"color: #000000;\">La vista a la ciudad santafesina de Sunchales, invitados por Alfredo Panella y Ra\u00fal Colombetti, Presidente y Vice de Sancor Seguros respectivamente, donde la c\u00fapula participo de charlas de la econom\u00eda del conocimiento, el cooperativismo, la innovaci\u00f3n tecnolog\u00eda y biotecnolog\u00eda en busca de fortalecer las instituciones de nuestro departamento. <\/span><\/p>\n<p><span style=\"color: #000000;\">En nuestra provincia el <strong>Intendente Walther Marcolini se reuni\u00f3 con el Ministro de Infraestructura Mario Isgro y con el Director de la DGE Jos\u00e9 Thomas<\/strong> para decidir y trabajar sobre obras trascendentes en nuestro departamento.\u00a0<\/span><\/p>\n<p><span style=\"color: #000000;\">En di\u00e1logo con<strong> F.M. VI\u00d1AS, el Intendente Walther Marcolini<\/strong>, expres\u00f3: <strong><em>&#8216;Tenemos buenas noticias para Alvear, producto del esfuerzo y una constancia de trabajo, las cosas se planifican y se van consiguiendo resultados&#8217;<\/em><\/strong>. Una de las obras m\u00e1s requerida por los vecinos del departamento es la finalizaci\u00f3n de la esperada guardia del Hospital Enfermeros Argentinos, siendo una necesidad de nuestro departamento en el \u00e1rea de la salud. <strong><em>&#8216;Este jueves 26 de mayo tenemos la licitaci\u00f3n del hospital que es importante para la guardia, una obra requerida, una obra que ha venido atrasada, vamos hacer la apertura de sobres y sobre los plazos de ley que son 15 o 20 d\u00edas podamos comenzar a ejecutar&#8217;<\/em><\/strong>, subray\u00f3 el jefe comunal.\u00a0<\/span><\/p>\n<p><span style=\"color: #000000;\">El campus educativo propuesto por el gobierno municipal en las instalaciones de UGACOOP, donde se espera poder comenzar a trabajar para que el pr\u00f3ximo ciclo lectivo pueda comenzar en las nuevas instalaciones, <em><strong>&#8216;Tiene que ver con el edificio de la escuela art\u00edstica Alberto Williams, el IES Salvador Calafat y la propia UGACOOP, tenemos como plazo m\u00e1ximo licitar en agosto, ya hay un proyecto importante faltar\u00eda ahora los pliegos definitivos, el llamado a licitaci\u00f3n se est\u00e1 en ese trabajo con el ministerio&#8217;<\/strong><\/em>, agreg\u00f3 el <strong>Intendente Walther Marcolini<\/strong>.<\/span><\/p>\n<p><span style=\"color: #000000;\">Desde la Direcci\u00f3n de General de Escuelas con aportes del municipio se proyecta realizar un nuevo edificio con una restauraci\u00f3n al C.C.T Carlos Obligado y sumando oferta de profesionalizaci\u00f3n y ofrecimiento de nuevos oficios.\u00a0<\/span><\/p>\n<p><span style=\"color: #000000;\">\u2022C.F.<\/span><\/p>\n","protected":false},"excerpt":{"rendered":"<p>El Jefe comunal Walther Marcolini viajo a la provincia de Santa Fe, junto al Gobernador Rodolfo Suarez, en Ministros de Hacienda, &#8230;<\/p>\n","protected":false},"author":7,"featured_media":71505,"comment_status":"open","ping_status":"open","sticky":false,"template":"","format":"standard","meta":{"footnotes":""},"categories":[5,10],"tags":[],"class_list":["post-108963","post","type-post","status-publish","format-standard","has-post-thumbnail","hentry","category-actualidad","category-destacadas"],"_links":{"self":[{"href":"https:\/\/vinasfm.com\/noticias\/wp-json\/wp\/v2\/posts\/108963","targetHints":{"allow":["GET"]}}],"collection":[{"href":"https:\/\/vinasfm.com\/noticias\/wp-json\/wp\/v2\/posts"}],"about":[{"href":"https:\/\/vinasfm.com\/noticias\/wp-json\/wp\/v2\/types\/post"}],"author":[{"embeddable":true,"href":"https:\/\/vinasfm.com\/noticias\/wp-json\/wp\/v2\/users\/7"}],"replies":[{"embeddable":true,"href":"https:\/\/vinasfm.com\/noticias\/wp-json\/wp\/v2\/comments?post=108963"}],"version-history":[{"count":6,"href":"https:\/\/vinasfm.com\/noticias\/wp-json\/wp\/v2\/posts\/108963\/revisions"}],"predecessor-version":[{"id":109078,"href":"https:\/\/vinasfm.com\/noticias\/wp-json\/wp\/v2\/posts\/108963\/revisions\/109078"}],"wp:featuredmedia":[{"embeddable":true,"href":"https:\/\/vinasfm.com\/noticias\/wp-json\/wp\/v2\/media\/71505"}],"wp:attachment":[{"href":"https:\/\/vinasfm.com\/noticias\/wp-json\/wp\/v2\/media?parent=108963"}],"wp:term":[{"taxonomy":"category","embeddable":true,"href":"https:\/\/vinasfm.com\/noticias\/wp-json\/wp\/v2\/categories?post=108963"},{"taxonomy":"post_tag","embeddable":true,"href":"https:\/\/vinasfm.com\/noticias\/wp-json\/wp\/v2\/tags?post=108963"}],"curies":[{"name":"wp","href":"https:\/\/api.w.org\/{rel}","templated":true}]}}