{"id":108949,"date":"2022-05-24T00:01:29","date_gmt":"2022-05-24T03:01:29","guid":{"rendered":"http:\/\/vinasfm.com\/noticias\/?p=108949"},"modified":"2022-05-25T10:46:38","modified_gmt":"2022-05-25T13:46:38","slug":"la-dge-implemento-un-nuevo-sistema-de-calificacion-acreditacion-y-promocion-para-el-nivel-primario","status":"publish","type":"post","link":"https:\/\/vinasfm.com\/noticias\/la-dge-implemento-un-nuevo-sistema-de-calificacion-acreditacion-y-promocion-para-el-nivel-primario\/","title":{"rendered":"LA DGE IMPLEMENT\u00d3 UN NUEVO SISTEMA DE CALIFICACI\u00d3N, ACREDITACI\u00d3N Y PROMOCI\u00d3N PARA EL NIVEL PRIMARIO"},"content":{"rendered":"<h4><strong><span style=\"color: #000000;\">Con el fin de acompa\u00f1ar las trayectorias escolares a partir de este ciclo lectivo se considera al a\u00f1o escolar como una unidad completa, se implementar\u00e1 el concepto de ponderaci\u00f3n docente y promocionar\u00e1n al pr\u00f3ximo grado los estudiantes que obtengan de 7 a 10.<\/span><\/strong><\/h4>\n<p><span style=\"color: #000000;\">La Direcci\u00f3n General de Escuelas informa por medio de la Resoluci\u00f3n 1949 el nuevo r\u00e9gimen acad\u00e9mico y r\u00e9gimen de convivencia destinado a todas las escuelas de nivel primario, tanto de gesti\u00f3n estatal como privada, que comenzar\u00e1 a regir durante este ciclo lectivo.<\/span><\/p>\n<p><span style=\"color: #000000;\">Desde la Direcci\u00f3n de Educaci\u00f3n Primaria establecieron en el Anexo I correspondiente a la resoluci\u00f3n se definen la calificaci\u00f3n, la acreditaci\u00f3n y la promoci\u00f3n considerando al a\u00f1o escolar como una unidad completa.<\/span><\/p>\n<p><span style=\"color: #000000;\">Esta unidad se dividir\u00e1 en dos per\u00edodos a efectos de informar la evaluaci\u00f3n del proceso educativo a cada familia y en el segundo per\u00edodo se deber\u00e1 tomar una evaluaci\u00f3n integradora en cada espacio curricular que ser\u00e1 considerada una nota m\u00e1s del proceso de cada estudiante.<\/span><\/p>\n<p><span style=\"color: #000000;\">Desde el gobierno escolar explicaron que la calificaci\u00f3n final de cada espacio ser\u00e1 la ponderaci\u00f3n docente de acuerdo a los aprendizajes y las notas obtenidas de cada estudiante en una escala de 1 a 10.<\/span><\/p>\n<p><span style=\"color: #000000;\">Con respecto a la promoci\u00f3n los alumnos y alumnas de segundo a s\u00e9ptimo grado 7 o m\u00e1s en los espacios curriculares promocionales ser\u00e1n promovidos al grado siguiente.<\/span><\/p>\n<p><span style=\"color: #000000;\">Cabe destacar que cuando un alumno o alumna no obtenga m\u00e1s de 7 en el per\u00edodo de intensificaci\u00f3n de diciembre, febrero o marzo, deber\u00e1 permanecer en el grado que curso en el ciclo lectivo 2022. Hay que tener en cuenta que primero y segundo grado se siguen considerando unidad pedag\u00f3gica.<\/span><\/p>\n<p><span style=\"color: #000000;\">El Anexo II donde se establecen las normas de convivencia, est\u00e1n enmarcadas en la cultura del cuidado seg\u00fan el dise\u00f1o curricular provincial enmarcada en la Resoluci\u00f3n 3556, del a\u00f1o 2019.<\/span><\/p>\n<p><span style=\"color: #000000;\">Se definen los criterios de valoraci\u00f3n y sus indicadores y la forma de elaboraci\u00f3n de las normas de convivencia con la participaci\u00f3n de todos los actores institucionales.<\/span><\/p>\n<p><span style=\"color: #000000;\">Las normas de convivencia tendr\u00e1n tres informes que se realizar\u00e1n el primero el 30 de junio, el segundo el 15 de setiembre y el tercero al finalizar el ciclo lectivo. Se adjunta la resoluci\u00f3n con sus anexos correspondientes.<\/span><\/p>\n<div class=\"wp-block-file\"><a href=\"https:\/\/www.mendoza.gov.ar\/wp-content\/uploads\/sites\/5\/2022\/05\/Anexo-II-Normas-de-Convivencia-para-Escuelas-de-Nivel-Primario-de-Educacion-Comun.pdf\">Anexo-II-Normas-de-Convivencia-para-Escuelas-de-Nivel-Primario-de-Educacion-Comun<\/a><a class=\"wp-block-file__button\" href=\"https:\/\/www.mendoza.gov.ar\/wp-content\/uploads\/sites\/5\/2022\/05\/Anexo-II-Normas-de-Convivencia-para-Escuelas-de-Nivel-Primario-de-Educacion-Comun.pdf\" download=\"\">Descarga<\/a><\/div>\n<div class=\"wp-block-file\"><a href=\"https:\/\/www.mendoza.gov.ar\/wp-content\/uploads\/sites\/5\/2022\/05\/Anexo-I-Regimen-Academico-para-Escuelas-de-Nivel-Primario-de-Educacion-Comun.pdf\">Anexo-I-Regimen-Academico-para-Escuelas-de-Nivel-Primario-de-Educacion-Comun<\/a><a class=\"wp-block-file__button\" href=\"https:\/\/www.mendoza.gov.ar\/wp-content\/uploads\/sites\/5\/2022\/05\/Anexo-I-Regimen-Academico-para-Escuelas-de-Nivel-Primario-de-Educacion-Comun.pdf\" download=\"\">Descarga<\/a><\/div>\n<div class=\"wp-block-file\"><a href=\"https:\/\/www.mendoza.gov.ar\/wp-content\/uploads\/sites\/5\/2022\/05\/RES.-2022-1949-DGE.pdf\">RES.-2022-1949-DGE<\/a><a class=\"wp-block-file__button\" href=\"https:\/\/www.mendoza.gov.ar\/wp-content\/uploads\/sites\/5\/2022\/05\/RES.-2022-1949-DGE.pdf\" download=\"\">Descarga<\/a><\/div>\n","protected":false},"excerpt":{"rendered":"<p>Con el fin de acompa\u00f1ar las trayectorias escolares a partir de este ciclo lectivo se considera al a\u00f1o escolar como una &#8230;<\/p>\n","protected":false},"author":8,"featured_media":108950,"comment_status":"open","ping_status":"open","sticky":false,"template":"","format":"standard","meta":{"footnotes":""},"categories":[5,18],"tags":[],"class_list":["post-108949","post","type-post","status-publish","format-standard","has-post-thumbnail","hentry","category-actualidad","category-educacion"],"_links":{"self":[{"href":"https:\/\/vinasfm.com\/noticias\/wp-json\/wp\/v2\/posts\/108949","targetHints":{"allow":["GET"]}}],"collection":[{"href":"https:\/\/vinasfm.com\/noticias\/wp-json\/wp\/v2\/posts"}],"about":[{"href":"https:\/\/vinasfm.com\/noticias\/wp-json\/wp\/v2\/types\/post"}],"author":[{"embeddable":true,"href":"https:\/\/vinasfm.com\/noticias\/wp-json\/wp\/v2\/users\/8"}],"replies":[{"embeddable":true,"href":"https:\/\/vinasfm.com\/noticias\/wp-json\/wp\/v2\/comments?post=108949"}],"version-history":[{"count":3,"href":"https:\/\/vinasfm.com\/noticias\/wp-json\/wp\/v2\/posts\/108949\/revisions"}],"predecessor-version":[{"id":109007,"href":"https:\/\/vinasfm.com\/noticias\/wp-json\/wp\/v2\/posts\/108949\/revisions\/109007"}],"wp:featuredmedia":[{"embeddable":true,"href":"https:\/\/vinasfm.com\/noticias\/wp-json\/wp\/v2\/media\/108950"}],"wp:attachment":[{"href":"https:\/\/vinasfm.com\/noticias\/wp-json\/wp\/v2\/media?parent=108949"}],"wp:term":[{"taxonomy":"category","embeddable":true,"href":"https:\/\/vinasfm.com\/noticias\/wp-json\/wp\/v2\/categories?post=108949"},{"taxonomy":"post_tag","embeddable":true,"href":"https:\/\/vinasfm.com\/noticias\/wp-json\/wp\/v2\/tags?post=108949"}],"curies":[{"name":"wp","href":"https:\/\/api.w.org\/{rel}","templated":true}]}}