{"id":108900,"date":"2022-05-25T10:20:50","date_gmt":"2022-05-25T13:20:50","guid":{"rendered":"http:\/\/vinasfm.com\/noticias\/?p=108900"},"modified":"2022-05-25T10:47:40","modified_gmt":"2022-05-25T13:47:40","slug":"con-dos-actividades-deportivas-alvear-recibio-a-chicos-de-otros-puntos-del-pais","status":"publish","type":"post","link":"https:\/\/vinasfm.com\/noticias\/con-dos-actividades-deportivas-alvear-recibio-a-chicos-de-otros-puntos-del-pais\/","title":{"rendered":"CON DOS ACTIVIDADES DEPORTIVAS, ALVEAR RECIBI\u00d3 A CHICOS DE OTROS PUNTOS DEL PA\u00cdS"},"content":{"rendered":"<h4><span style=\"color: #000000;\"><strong>Dos grandes actividades llenaron de color el polideportivo Municipal y el polideportivo Deportistas Alvearenses, por un lado un Encuentro de B\u00e1squet en las categor\u00edas Mini y Pre Mini que convoc\u00f3 a ni\u00f1os de todo el departamento, y por otro un Torneo de Tejo con participantes de nuestra Provincia, La Pampa y San Luis.<\/strong><\/span><\/h4>\n<p><span style=\"color: #000000;\">Alvear es deporte, y este fin de semana qued\u00f3 demostrado con dos grandes encuentros: \u201c<strong><em>Del encuentro de b\u00e1squet participaron chicos de Carmensa, Bowen y Ciudad, adem\u00e1s vimos muchas familias, lo que es una gran alegr\u00eda, que padres y madres acompa\u00f1en a sus hijos en su desarrollo<\/em><\/strong>\u201d explic\u00f3 el Director de Deportes Jorge P\u00e1ez acerca de este importante encuentro que reuni\u00f3 a una gran cantidad de ni\u00f1os de categor\u00edas Mini y Pre Mini de todo el departamento.<\/span><\/p>\n<p><span style=\"color: #000000;\">Al mismo tiempo se disput\u00f3 un Torneo de Tejo en las categor\u00edas femenino y masculino +55, con participantes de toda la Provincia y tambi\u00e9n de otros puntos del pa\u00eds como San Luis y La Pampa: \u201c<strong><em>Tenemos entre 80 y 100 adultos, un torneo que convoc\u00f3 a mucha gente y es muy positivo despu\u00e9s de la pandemia, por eso hoy tenerlos a todos juntos fue muy emocionante. Adem\u00e1s recordamos a un gran referente como Ra\u00fal Digiovanni, quien hizo mucho para que esto fuera una realidad<\/em><\/strong>\u201d dijo P\u00e1ez.<\/span><\/p>\n<p><span style=\"color: #000000;\">Alejandro Oros, jugador de San Rafael, remarc\u00f3 la atenci\u00f3n de General Alvear: \u201c<strong><em>El tejo es la manifestaci\u00f3n de la alegr\u00eda, el abrazo y la amistad, estamos muy contentos<\/em><\/strong>\u201d. Asimismo Nancy Andrada, de Malarg\u00fce, expres\u00f3: \u201c<strong><em>La gente es muy amable, esto es la familia del tejo, siempre nos encontramos los mismos pero se suman nuevas caras. Tenemos que unirnos y sumar a chicos j\u00f3venes en esta actividad<\/em><\/strong>\u201d. Desde La Pampa, Ricardo Quevedo expres\u00f3: \u201c<strong><em>Es muy lindo estar en Alvear, desde La Pampa tenemos la idea de realizar el torneo de cinco provincias, realizarlo para fin de a\u00f1o y ser\u00e1 algo muy importante<\/em><\/strong>\u201d.<\/span><\/p>\n<p><span style=\"color: #000000;\">Por otro lado, el Director de Deportes destac\u00f3 el viaje del equipo de Cadetes Municipal de Handball, conformado por 16 chicos a cargo de los profesores Carlos Gatica, Cristian Sosa y Elvio Daje, para disputar en un torneo Nacional del que participan los 12 mejores equipos del pa\u00eds.<\/span><\/p>\n","protected":false},"excerpt":{"rendered":"<p>Dos grandes actividades llenaron de color el polideportivo Municipal y el polideportivo Deportistas Alvearenses, por un lado un Encuentro de B\u00e1squet &#8230;<\/p>\n","protected":false},"author":8,"featured_media":108901,"comment_status":"open","ping_status":"open","sticky":false,"template":"","format":"standard","meta":{"footnotes":""},"categories":[5,3],"tags":[],"class_list":["post-108900","post","type-post","status-publish","format-standard","has-post-thumbnail","hentry","category-actualidad","category-deportes"],"_links":{"self":[{"href":"https:\/\/vinasfm.com\/noticias\/wp-json\/wp\/v2\/posts\/108900","targetHints":{"allow":["GET"]}}],"collection":[{"href":"https:\/\/vinasfm.com\/noticias\/wp-json\/wp\/v2\/posts"}],"about":[{"href":"https:\/\/vinasfm.com\/noticias\/wp-json\/wp\/v2\/types\/post"}],"author":[{"embeddable":true,"href":"https:\/\/vinasfm.com\/noticias\/wp-json\/wp\/v2\/users\/8"}],"replies":[{"embeddable":true,"href":"https:\/\/vinasfm.com\/noticias\/wp-json\/wp\/v2\/comments?post=108900"}],"version-history":[{"count":1,"href":"https:\/\/vinasfm.com\/noticias\/wp-json\/wp\/v2\/posts\/108900\/revisions"}],"predecessor-version":[{"id":108902,"href":"https:\/\/vinasfm.com\/noticias\/wp-json\/wp\/v2\/posts\/108900\/revisions\/108902"}],"wp:featuredmedia":[{"embeddable":true,"href":"https:\/\/vinasfm.com\/noticias\/wp-json\/wp\/v2\/media\/108901"}],"wp:attachment":[{"href":"https:\/\/vinasfm.com\/noticias\/wp-json\/wp\/v2\/media?parent=108900"}],"wp:term":[{"taxonomy":"category","embeddable":true,"href":"https:\/\/vinasfm.com\/noticias\/wp-json\/wp\/v2\/categories?post=108900"},{"taxonomy":"post_tag","embeddable":true,"href":"https:\/\/vinasfm.com\/noticias\/wp-json\/wp\/v2\/tags?post=108900"}],"curies":[{"name":"wp","href":"https:\/\/api.w.org\/{rel}","templated":true}]}}