{"id":108875,"date":"2022-05-23T00:30:21","date_gmt":"2022-05-23T03:30:21","guid":{"rendered":"http:\/\/vinasfm.com\/noticias\/?p=108875"},"modified":"2022-05-23T09:56:15","modified_gmt":"2022-05-23T12:56:15","slug":"productores-afectados-por-catas-deben-registrar-los-danos-en-el-sistema-en-linea-de-iscamen","status":"publish","type":"post","link":"https:\/\/vinasfm.com\/noticias\/productores-afectados-por-catas-deben-registrar-los-danos-en-el-sistema-en-linea-de-iscamen\/","title":{"rendered":"PRODUCTORES AFECTADOS POR CATAS DEBEN REGISTRAR LOS DA\u00d1OS EN EL SISTEMA EN L\u00cdNEA DE ISCAMEN"},"content":{"rendered":"<h4><span style=\"color: #000000;\"><strong>Desde el Instituto de Sanidad y Calidad Agropecuaria y con el objetivo de estimar el da\u00f1o agr\u00edcola causado por catas, se recuerda a productores agr\u00edcolas que est\u00e1 vigente por internet el registro de denuncia para cultivos afectados por estas aves. Se accede a trav\u00e9s del sitio del Iscamen (<\/strong><\/span><a href=\"http:\/\/www.iscamen.com.ar\/certificacion_danio.php\" target=\"_blank\" rel=\"noreferrer noopener\">http:\/\/www.iscamen.com.ar\/certificacion_danio.php<\/a><span style=\"color: #000000;\"><strong>), con el RENSPA\/RUT de la propiedad. \u00a0<\/strong><\/span><\/h4>\n<p><span style=\"color: #000000;\">Con el objeto de establecer las \u00e1reas con presencia, el comportamiento poblacional de estas aves y su impacto en zonas cultivables de Mendoza, el registro busca estimar el da\u00f1o agr\u00edcola producido, como tambi\u00e9n ser una herramienta objetiva para acciones coordinadas de control. \u00a0<\/span><\/p>\n<p><span style=\"color: #000000;\">Los productores que hayan sido afectados deben ingresar al enlace<\/span>\u00a0<a href=\"http:\/\/www.iscamen.com.ar\/certificacion_danio.php\" target=\"_blank\" rel=\"noreferrer noopener\">http:\/\/www.iscamen.com.ar\/certificacion_danio.php<\/a>.\u00a0<span style=\"color: #000000;\">Una vez all\u00ed, tras introducir el RENSPA\/RUT de la propiedad, deber\u00e1n completar los campos de informaci\u00f3n con los datos del titular y de la propiedad. \u00a0<\/span><\/p>\n<p><span style=\"color: #000000;\">En el mencionado registro, el interesado deber\u00e1 colocar la fecha aproximada del da\u00f1o producido y cu\u00e1l ha sido el cultivo afectado, debiendo establecer adem\u00e1s los linderos afines. Asimismo, deber\u00e1 aclarar si realiza o realiz\u00f3 alg\u00fan tipo de control y, en caso afirmativo, en qu\u00e9 consiste.<\/span><\/p>\n<p><span style=\"color: #000000;\">Es fundamental incorporar en el registro un contacto de la propiedad, ya sea del encargado, empleado u otro referente autorizado en la finca, para coordinar una visita t\u00e9cnica del Iscamen.<\/span><\/p>\n","protected":false},"excerpt":{"rendered":"<p>Desde el Instituto de Sanidad y Calidad Agropecuaria y con el objetivo de estimar el da\u00f1o agr\u00edcola causado por catas, se &#8230;<\/p>\n","protected":false},"author":8,"featured_media":108876,"comment_status":"open","ping_status":"open","sticky":false,"template":"","format":"standard","meta":{"footnotes":""},"categories":[5,35],"tags":[],"class_list":["post-108875","post","type-post","status-publish","format-standard","has-post-thumbnail","hentry","category-actualidad","category-iscamen"],"_links":{"self":[{"href":"https:\/\/vinasfm.com\/noticias\/wp-json\/wp\/v2\/posts\/108875","targetHints":{"allow":["GET"]}}],"collection":[{"href":"https:\/\/vinasfm.com\/noticias\/wp-json\/wp\/v2\/posts"}],"about":[{"href":"https:\/\/vinasfm.com\/noticias\/wp-json\/wp\/v2\/types\/post"}],"author":[{"embeddable":true,"href":"https:\/\/vinasfm.com\/noticias\/wp-json\/wp\/v2\/users\/8"}],"replies":[{"embeddable":true,"href":"https:\/\/vinasfm.com\/noticias\/wp-json\/wp\/v2\/comments?post=108875"}],"version-history":[{"count":2,"href":"https:\/\/vinasfm.com\/noticias\/wp-json\/wp\/v2\/posts\/108875\/revisions"}],"predecessor-version":[{"id":108878,"href":"https:\/\/vinasfm.com\/noticias\/wp-json\/wp\/v2\/posts\/108875\/revisions\/108878"}],"wp:featuredmedia":[{"embeddable":true,"href":"https:\/\/vinasfm.com\/noticias\/wp-json\/wp\/v2\/media\/108876"}],"wp:attachment":[{"href":"https:\/\/vinasfm.com\/noticias\/wp-json\/wp\/v2\/media?parent=108875"}],"wp:term":[{"taxonomy":"category","embeddable":true,"href":"https:\/\/vinasfm.com\/noticias\/wp-json\/wp\/v2\/categories?post=108875"},{"taxonomy":"post_tag","embeddable":true,"href":"https:\/\/vinasfm.com\/noticias\/wp-json\/wp\/v2\/tags?post=108875"}],"curies":[{"name":"wp","href":"https:\/\/api.w.org\/{rel}","templated":true}]}}