{"id":108872,"date":"2022-05-23T00:10:13","date_gmt":"2022-05-23T03:10:13","guid":{"rendered":"http:\/\/vinasfm.com\/noticias\/?p=108872"},"modified":"2022-05-23T09:53:47","modified_gmt":"2022-05-23T12:53:47","slug":"mendoza-activa-3-impulso-inversiones-por-mas-de-15-mil-millones-en-el-sector-agricola","status":"publish","type":"post","link":"https:\/\/vinasfm.com\/noticias\/mendoza-activa-3-impulso-inversiones-por-mas-de-15-mil-millones-en-el-sector-agricola\/","title":{"rendered":"MENDOZA ACTIVA 3 IMPULS\u00d3 INVERSIONES POR M\u00c1S DE $15 MIL MILLONES EN EL SECTOR AGR\u00cdCOLA"},"content":{"rendered":"<h4><span style=\"color: #000000;\"><strong>El programa de fomento a la inversi\u00f3n privada Mendoza Activa sigue captando la atenci\u00f3n de miles de mendocinos que ven en esta herramienta una verdadera alternativa para afianzar sus proyectos. Es que en solo tres convocatorias se presentaron m\u00e1s de 7.000 proyectos por m\u00e1s de 53.000 millones de pesos en inversi\u00f3n.<\/strong> \u00a0<\/span><\/h4>\n<p><span style=\"color: #000000;\">Tras el cierre de la \u00faltima convocatoria, el sector productivo mendocino mostr\u00f3 un alto inter\u00e9s en invertir. Actualmente, el programa cuenta con 28 l\u00edneas de inversi\u00f3n de las que 9 est\u00e1n orientadas espec\u00edficamente al sector productivo mendocino. Estas son eficiencia de riego, desarrollo agr\u00edcola, defensa agr\u00edcola, maquinaria agr\u00edcola, servicios industriales y agr\u00edcolas, agricultura de precisi\u00f3n, forestales, construcci\u00f3n con fines productivos y viviendas rurales. \u00a0<\/span><\/p>\n<p><span style=\"color: #000000;\">Seg\u00fan un informe elaborado desde la cartera econ\u00f3mica provincial, mendocinos vinculados al sector productivo presentaron proyectos por $15.665.828.677. \u201cFueron tres las l\u00edneas que m\u00e1s llamaron la atenci\u00f3n de los mendocinos. Solo a trav\u00e9s de las l\u00edneas de construcci\u00f3n con fines productivos, compra de maquinaria y eficiencia de riego se estiman inversiones por $12.831.469.131\u201d, destacaron desde Econom\u00eda. \u00a0<\/span><\/p>\n<p><span style=\"color: #000000;\">Al respecto,\u00a0el titular del ministerio, Enrique Vaqui\u00e9, sostuvo que el sector productivo viene mostrando claras se\u00f1ales de crecimiento: \u201cCon el correr de los llamados hemos observado un crecimiento exponencial en cuanto a cantidad de tickets presentados. El programa nos ha mostrado que la necesidad de inversi\u00f3n en el sector exist\u00eda y Mendoza Activa ha venido a allanar los caminos para que dicha inversi\u00f3n se concrete\u201d. \u00a0<\/span><\/p>\n<p><span style=\"color: #000000;\">El funcionario detall\u00f3 que solo en la l\u00ednea de construcci\u00f3n con fines productivos se presentaron proyectos de inversi\u00f3n por $9.193.532.526. Le siguen la l\u00ednea orientada a la compra de maquinaria agr\u00edcola con $1.841.573.026 en inversiones, y eficiencia de riego, por $1.796.363.579. \u00a0<\/span><\/p>\n<p><span style=\"color: #000000;\">\u201cEn estas tres l\u00edneas se concentra 82% de las inversiones a realizar por aquellos mendocinos vinculados al sector productivo local. Si tenemos en cuenta la totalidad de las l\u00edneas orientadas a fomentar la inversi\u00f3n en el sector (9), en el consolidado de los \u00faltimos tres llamados, al momento estamos hablando de una participaci\u00f3n de casi 30%\u201d, remarca el informe. \u00a0<\/span><\/p>\n<p><span style=\"color: #000000;\">Sobre el resto de las l\u00edneas, desde la cartera econ\u00f3mica explicaron que Desarrollo Agr\u00edcola atrajo inversiones por $1.142.635.665. Le siguen la de Defensa Agr\u00edcola, con $480.865.094; Servicios Industriales y Agr\u00edcolas, $877.886.098; Forestales, $25.340.000; Agricultura de Precisi\u00f3n, $4.478.065, y Construcci\u00f3n de viviendas rurales, por $303.154.624. \u00a0<\/span><\/p>\n<p><span style=\"color: #000000;\">Valentina Navarro Canafoglia, directora de Agricultura de la provincia, coment\u00f3 que estas cifras demuestran la necesidad de inversi\u00f3n que exist\u00eda en el sector agrario de la provincia: \u201cNuestros productores est\u00e1n viendo en esta herramienta una verdadera alternativa de inversi\u00f3n para llevar a cabo sus respectivas actividades y de a poco hemos logrado que se animen a participar y obtener el beneficio del reintegro del 40% de lo que inviertan\u201d.\u00a0\u00a0\u00a0<\/span><\/p>\n<p><span style=\"color: #000000;\">La funcionaria agreg\u00f3 que para llegar a cada productor se ha venido trabajado de manera conjunta con instituciones representativa del sector llevando todos los detalles del programa para sus respectivos asociados.\u00a0\u00a0<\/span><\/p>\n<p><span style=\"color: #000000;\">El programa surgi\u00f3 en 2020 con el objetivo de mitigar el impacto negativo generado por la pandemia de COVID-19 en la econom\u00eda de la provincia y el pa\u00eds. La primera edici\u00f3n tuvo 10 convocatorias y en el transcurso de cada llamado el inter\u00e9s de los mendocinos fue creciendo de forma exponencial. Tanto es as\u00ed, que el presupuesto total aprobado por ley se ejecut\u00f3 en apenas cuatro convocatorias en la segunda edici\u00f3n, mientras que esta \u00faltima edici\u00f3n, solo en tres.\u00a0\u00a0\u00a0<\/span><\/p>\n<p><span style=\"color: #000000;\">Para m\u00e1s informaci\u00f3n sobre el programa de fomento a la inversi\u00f3n privada Mendoza Activa, ingresar<\/span>\u00a0<strong><a href=\"https:\/\/www.mendoza.gov.ar\/mendozaactiva\/\" data-type=\"URL\" data-id=\"https:\/\/www.mendoza.gov.ar\/mendozaactiva\/\">aqu\u00ed<\/a><\/strong>.<\/p>\n","protected":false},"excerpt":{"rendered":"<p>El programa de fomento a la inversi\u00f3n privada Mendoza Activa sigue captando la atenci\u00f3n de miles de mendocinos que ven en &#8230;<\/p>\n","protected":false},"author":8,"featured_media":108873,"comment_status":"open","ping_status":"open","sticky":false,"template":"","format":"standard","meta":{"footnotes":""},"categories":[5,14],"tags":[],"class_list":["post-108872","post","type-post","status-publish","format-standard","has-post-thumbnail","hentry","category-actualidad","category-agro"],"_links":{"self":[{"href":"https:\/\/vinasfm.com\/noticias\/wp-json\/wp\/v2\/posts\/108872","targetHints":{"allow":["GET"]}}],"collection":[{"href":"https:\/\/vinasfm.com\/noticias\/wp-json\/wp\/v2\/posts"}],"about":[{"href":"https:\/\/vinasfm.com\/noticias\/wp-json\/wp\/v2\/types\/post"}],"author":[{"embeddable":true,"href":"https:\/\/vinasfm.com\/noticias\/wp-json\/wp\/v2\/users\/8"}],"replies":[{"embeddable":true,"href":"https:\/\/vinasfm.com\/noticias\/wp-json\/wp\/v2\/comments?post=108872"}],"version-history":[{"count":1,"href":"https:\/\/vinasfm.com\/noticias\/wp-json\/wp\/v2\/posts\/108872\/revisions"}],"predecessor-version":[{"id":108874,"href":"https:\/\/vinasfm.com\/noticias\/wp-json\/wp\/v2\/posts\/108872\/revisions\/108874"}],"wp:featuredmedia":[{"embeddable":true,"href":"https:\/\/vinasfm.com\/noticias\/wp-json\/wp\/v2\/media\/108873"}],"wp:attachment":[{"href":"https:\/\/vinasfm.com\/noticias\/wp-json\/wp\/v2\/media?parent=108872"}],"wp:term":[{"taxonomy":"category","embeddable":true,"href":"https:\/\/vinasfm.com\/noticias\/wp-json\/wp\/v2\/categories?post=108872"},{"taxonomy":"post_tag","embeddable":true,"href":"https:\/\/vinasfm.com\/noticias\/wp-json\/wp\/v2\/tags?post=108872"}],"curies":[{"name":"wp","href":"https:\/\/api.w.org\/{rel}","templated":true}]}}