{"id":108846,"date":"2022-05-23T00:01:02","date_gmt":"2022-05-23T03:01:02","guid":{"rendered":"http:\/\/vinasfm.com\/noticias\/?p=108846"},"modified":"2022-05-24T08:50:16","modified_gmt":"2022-05-24T11:50:16","slug":"se-produjeron-tres-siniestros-viales-en-la-region-uno-con-resultado-fatal","status":"publish","type":"post","link":"https:\/\/vinasfm.com\/noticias\/se-produjeron-tres-siniestros-viales-en-la-region-uno-con-resultado-fatal\/","title":{"rendered":"SE PRODUJERON TRES SINIESTROS VIALES EN LA REGI\u00d3N: UNO CON RESULTADO FATAL"},"content":{"rendered":"<h4><strong><span style=\"color: #000000;\">Este fin de semana ocurrieron tres siniestros viales en la regi\u00f3n, uno de los cuales tuvo resultado fatal. El Subcomisario Jos\u00e9 L\u00f3pez rese\u00f1\u00f3 c\u00f3mo se produjeron los accidentes viales.<\/span><\/strong><\/h4>\n<p><span style=\"color: #000000;\">\u2022A las 9:45hs de este domingo en la esquina de calles Zeballos y Bernardo de Irigoyen se produjo la colisi\u00f3n de un Chevrolet Astra y un Peugeot 307.<\/span><\/p>\n<p><span style=\"color: #000000;\">Por calle Bernardo de Irigoyen al sur circulaba el Astra al mando de un hombre de 36 a\u00f1os, que impact\u00f3 con el segundo veh\u00edculo que circulaba por Zeballos al oeste conducido por una joven de 24 a\u00f1os.<\/span><\/p>\n<p><span style=\"color: #000000;\">A ra\u00edz del violento choque uno de los rodados qued\u00f3 sobre la esquina de la intersecci\u00f3n. Ambos conductores fueron traslados al hospital Enfermos Argentinos con politraumatismos, raz\u00f3n por la que quedaron internados en Observaci\u00f3n.<\/span><\/p>\n<p><span style=\"color: #000000;\">\u2022Alrededor de las 12:25hs del domingo en la esquina de Roque S\u00e1enz Pe\u00f1a y Libertador Norte impactaron una moto 110cc conducida una mujer de 41 a\u00f1os, acompa\u00f1ada por una menor de 8 a\u00f1os, y CHEVROLET \u00d3nix conducido por una mujer de 57 a\u00f1os.<\/span><\/p>\n<p><span style=\"color: #000000;\">Producto de la colisi\u00f3n las ocupantes del rodado menos fueron trasladadas al hospital Enfermos Argentinos revistiendo politraumatismos leves. A posterior se retiran de alta.<\/span><\/p>\n<p><span style=\"color: #000000;\">\u2022La intersecci\u00f3n de Av. Buenos Aires y calle Valpara\u00edso en Monte Com\u00e1n fue escenario de un tr\u00e1gico siniestro vial alrededor de las 18:30hs de este domingo.<\/span><\/p>\n<p><span style=\"color: #000000;\">El accidente vial fue protagonizado por una camioneta Ford F-100 y una motocicleta 110cc. Esta \u00faltima conducida por un joven de apellido <em>Rodr\u00edguez<\/em> (19) quien perdi\u00f3 la vida a ra\u00edz del fuerte impacto.<\/span><\/p>\n","protected":false},"excerpt":{"rendered":"<p>Este fin de semana ocurrieron tres siniestros viales en la regi\u00f3n, uno de los cuales tuvo resultado fatal. El Subcomisario Jos\u00e9 &#8230;<\/p>\n","protected":false},"author":8,"featured_media":108847,"comment_status":"open","ping_status":"open","sticky":false,"template":"","format":"standard","meta":{"footnotes":""},"categories":[5,4],"tags":[],"class_list":["post-108846","post","type-post","status-publish","format-standard","has-post-thumbnail","hentry","category-actualidad","category-policiales"],"_links":{"self":[{"href":"https:\/\/vinasfm.com\/noticias\/wp-json\/wp\/v2\/posts\/108846","targetHints":{"allow":["GET"]}}],"collection":[{"href":"https:\/\/vinasfm.com\/noticias\/wp-json\/wp\/v2\/posts"}],"about":[{"href":"https:\/\/vinasfm.com\/noticias\/wp-json\/wp\/v2\/types\/post"}],"author":[{"embeddable":true,"href":"https:\/\/vinasfm.com\/noticias\/wp-json\/wp\/v2\/users\/8"}],"replies":[{"embeddable":true,"href":"https:\/\/vinasfm.com\/noticias\/wp-json\/wp\/v2\/comments?post=108846"}],"version-history":[{"count":2,"href":"https:\/\/vinasfm.com\/noticias\/wp-json\/wp\/v2\/posts\/108846\/revisions"}],"predecessor-version":[{"id":108858,"href":"https:\/\/vinasfm.com\/noticias\/wp-json\/wp\/v2\/posts\/108846\/revisions\/108858"}],"wp:featuredmedia":[{"embeddable":true,"href":"https:\/\/vinasfm.com\/noticias\/wp-json\/wp\/v2\/media\/108847"}],"wp:attachment":[{"href":"https:\/\/vinasfm.com\/noticias\/wp-json\/wp\/v2\/media?parent=108846"}],"wp:term":[{"taxonomy":"category","embeddable":true,"href":"https:\/\/vinasfm.com\/noticias\/wp-json\/wp\/v2\/categories?post=108846"},{"taxonomy":"post_tag","embeddable":true,"href":"https:\/\/vinasfm.com\/noticias\/wp-json\/wp\/v2\/tags?post=108846"}],"curies":[{"name":"wp","href":"https:\/\/api.w.org\/{rel}","templated":true}]}}