{"id":108841,"date":"2022-05-23T08:51:44","date_gmt":"2022-05-23T11:51:44","guid":{"rendered":"http:\/\/vinasfm.com\/noticias\/?p=108841"},"modified":"2022-05-24T09:08:39","modified_gmt":"2022-05-24T12:08:39","slug":"festival-de-robos-en-alvear-durante-el-fin-de-semana","status":"publish","type":"post","link":"https:\/\/vinasfm.com\/noticias\/festival-de-robos-en-alvear-durante-el-fin-de-semana\/","title":{"rendered":"INSEGURIDAD: FESTIVAL DE ROBOS EN ALVEAR DURANTE EL FIN DE SEMANA"},"content":{"rendered":"<h4><strong><span style=\"color: #000000;\"><span style=\"color: #000000;\">Este fin de semana se registraron varios delitos contra la propiedad por lo que desde la Jefatura Departamental de Polic\u00eda\u00a0brindaron detalles de cada uno de los hechos de inseguridad.<\/span><\/span><\/strong><\/h4>\n<p><span style=\"color: #000000;\">\u2022Durante la madrugada de este s\u00e1bado, un hombre estaba en una reuni\u00f3n con amigos en calle G y 4 cuando se le activ\u00f3 en el celular la alarma de su domicilio. Se aproxim\u00f3 con un amigo y cuando van llegando observaron a dos individuos salir corriendo. En ese momento los empiezan a perseguir por un descampado.<\/span><\/p>\n<p><span style=\"color: #000000;\">La v\u00edctima constat\u00f3 que le hab\u00edan forzado la puerta y del interior de la casa le llevaron m\u00e1s de 20mil pesos y una escopeta calibre 14, ca\u00f1o simple y culata de madera. Minutos despu\u00e9s, personal de Cuerpos Especiales Alvear logr\u00f3 la aprehensi\u00f3n de un sujeto que posiblemente pod\u00eda estar involucrado en el hecho.<\/span><\/p>\n<p><span style=\"color: #000000;\">\u2022Este s\u00e1bado cerca de las 1:15hs, el propietario de una vivienda ubicada en calle Chapearrouge y Orsili sinti\u00f3 ruidos en el patio trasero. Al salir observ\u00f3 a dos sujetos, quienes se dieron a la fuga.<\/span><\/p>\n<p><span style=\"color: #000000;\">El vecino llam\u00f3 al 911 y luego verific\u00f3 que le hab\u00edan sustra\u00eddo UNA BOMBA CENTR\u00cdFUGA DE 3\/4 COLOR VERDE, CON ACOPLE Y CANILLA PL\u00c1STICA.<\/span><\/p>\n<p><span style=\"color: #000000;\">\u2022Durante la madrugada del mismo s\u00e1bado en panader\u00eda Vaquer, situada en la esquina de calles Roque S\u00e1enz Pe\u00f1a y calle Patricias Mendocinas fue escenario de un robo.<\/span><\/p>\n<p><span style=\"color: #000000;\">El propietario lleg\u00f3 alrededor de las 05:30hs y verific\u00f3 que ten\u00eda la puerta lateral forzada. Al ingresar constat\u00f3 el faltante de UNA HORMA DE QUESO, SANDWICHS DE MIGA y UNA PIEZA DE JAMON COCIDO.<\/span><\/p>\n<p><span style=\"color: #000000;\">\u2022En horas de la madrugada del s\u00e1bado la confiter\u00eda \u00abCoty\u00bb, en calle Patricias Mendocinas 24 fue visitada por amigos de lo ajeno.<\/span><\/p>\n<p><span style=\"color: #000000;\">Los propietarios llegaron pasadas las 08:00hs y observaron que hab\u00edan roto un vidrio y del interior se llevaron UNA BALANZA ELECTR\u00d3NICA y 10 TORTAS DE 1,5kg.<\/span><\/p>\n<p><span style=\"color: #000000;\">\u2022En la madrugada del domingo desconocidos ingresaron a parrilla El Doradito en Libertador Norte a metros al sur de Roque S\u00e1enz Pe\u00f1a.<\/span><\/p>\n<p><span style=\"color: #000000;\">Llegaron por la ma\u00f1ana los propietarios y constataron que hab\u00edan roto la reja de una ventana y del interior le hab\u00edan sustra\u00eddo 20 POLLOS, GASEOSAS VARIAS, VINOS, BIDONES DE ACEITE, CUCHILLOS Y TENEDORES DE PARRILLA, UNA AMOLADORA, UN TALADRO EL\u00c9CTRICO Y UNA REMACHADORA.<\/span><\/p>\n","protected":false},"excerpt":{"rendered":"<p>Este fin de semana se registraron varios delitos contra la propiedad por lo que desde la Jefatura Departamental de Polic\u00eda\u00a0brindaron detalles &#8230;<\/p>\n","protected":false},"author":8,"featured_media":105693,"comment_status":"open","ping_status":"open","sticky":false,"template":"","format":"standard","meta":{"footnotes":""},"categories":[5,4],"tags":[],"class_list":["post-108841","post","type-post","status-publish","format-standard","has-post-thumbnail","hentry","category-actualidad","category-policiales"],"_links":{"self":[{"href":"https:\/\/vinasfm.com\/noticias\/wp-json\/wp\/v2\/posts\/108841","targetHints":{"allow":["GET"]}}],"collection":[{"href":"https:\/\/vinasfm.com\/noticias\/wp-json\/wp\/v2\/posts"}],"about":[{"href":"https:\/\/vinasfm.com\/noticias\/wp-json\/wp\/v2\/types\/post"}],"author":[{"embeddable":true,"href":"https:\/\/vinasfm.com\/noticias\/wp-json\/wp\/v2\/users\/8"}],"replies":[{"embeddable":true,"href":"https:\/\/vinasfm.com\/noticias\/wp-json\/wp\/v2\/comments?post=108841"}],"version-history":[{"count":4,"href":"https:\/\/vinasfm.com\/noticias\/wp-json\/wp\/v2\/posts\/108841\/revisions"}],"predecessor-version":[{"id":108845,"href":"https:\/\/vinasfm.com\/noticias\/wp-json\/wp\/v2\/posts\/108841\/revisions\/108845"}],"wp:featuredmedia":[{"embeddable":true,"href":"https:\/\/vinasfm.com\/noticias\/wp-json\/wp\/v2\/media\/105693"}],"wp:attachment":[{"href":"https:\/\/vinasfm.com\/noticias\/wp-json\/wp\/v2\/media?parent=108841"}],"wp:term":[{"taxonomy":"category","embeddable":true,"href":"https:\/\/vinasfm.com\/noticias\/wp-json\/wp\/v2\/categories?post=108841"},{"taxonomy":"post_tag","embeddable":true,"href":"https:\/\/vinasfm.com\/noticias\/wp-json\/wp\/v2\/tags?post=108841"}],"curies":[{"name":"wp","href":"https:\/\/api.w.org\/{rel}","templated":true}]}}