{"id":108837,"date":"2022-05-23T08:42:51","date_gmt":"2022-05-23T11:42:51","guid":{"rendered":"http:\/\/vinasfm.com\/noticias\/?p=108837"},"modified":"2022-05-24T08:43:34","modified_gmt":"2022-05-24T11:43:34","slug":"dolor-por-el-fallecimiento-de-francisco-padre-del-intendente-marcolini","status":"publish","type":"post","link":"https:\/\/vinasfm.com\/noticias\/dolor-por-el-fallecimiento-de-francisco-padre-del-intendente-marcolini\/","title":{"rendered":"DOLOR POR EL FALLECIMIENTO DE FRANCISCO, PADRE DEL INTENDENTE MARCOLINI"},"content":{"rendered":"<p><span style=\"color: #000000;\"><strong>Francisco \u00abPich\u00f3n\u00bb Marcolini<\/strong>, padre del <strong>intendente de General Alvear Walther Marcolini<\/strong>, falleci\u00f3 en la madrugada de este domingo<strong> a los 75 a\u00f1os de edad<\/strong> luego de estar varios d\u00edas internado.<\/span><\/p>\n<p><span style=\"color: #000000;\">Este domingo fue velado en sala 1 de Cecsagal y alrededor de las 16hs sepultado en el cementerio municipal de Ciudad.<\/span><\/p>\n<p><span style=\"color: #000000;\">La noticia conmovi\u00f3 a la dirigencia pol\u00edtica, que hizo llegar sus condolencias al jefe comunal alvearense a trav\u00e9s de las redes sociales. Otros intendentes, como Daniel Orozco (Las Heras), Juan Manuel Ojeda (Malarg\u00fce), Miguel \u00c1ngel Ronco (Rivadavia) y Mat\u00edas Stevanato (Maip\u00fa), se expresaron por Twitter.<\/span><\/p>\n<p><span style=\"color: #000000;\">Tambi\u00e9n lo hicieron el diputado nacional Julio Cobos, el vicegobernador Mario Abed, el titular de Irrigaci\u00f3n, Sergio Marinelli, entre otros dirigentes.<\/span><\/p>\n","protected":false},"excerpt":{"rendered":"<p>Francisco \u00abPich\u00f3n\u00bb Marcolini, padre del intendente de General Alvear Walther Marcolini, falleci\u00f3 en la madrugada de este domingo a los 75 &#8230;<\/p>\n","protected":false},"author":8,"featured_media":108839,"comment_status":"open","ping_status":"open","sticky":false,"template":"","format":"standard","meta":{"footnotes":""},"categories":[5,10],"tags":[],"class_list":["post-108837","post","type-post","status-publish","format-standard","has-post-thumbnail","hentry","category-actualidad","category-destacadas"],"_links":{"self":[{"href":"https:\/\/vinasfm.com\/noticias\/wp-json\/wp\/v2\/posts\/108837","targetHints":{"allow":["GET"]}}],"collection":[{"href":"https:\/\/vinasfm.com\/noticias\/wp-json\/wp\/v2\/posts"}],"about":[{"href":"https:\/\/vinasfm.com\/noticias\/wp-json\/wp\/v2\/types\/post"}],"author":[{"embeddable":true,"href":"https:\/\/vinasfm.com\/noticias\/wp-json\/wp\/v2\/users\/8"}],"replies":[{"embeddable":true,"href":"https:\/\/vinasfm.com\/noticias\/wp-json\/wp\/v2\/comments?post=108837"}],"version-history":[{"count":3,"href":"https:\/\/vinasfm.com\/noticias\/wp-json\/wp\/v2\/posts\/108837\/revisions"}],"predecessor-version":[{"id":108886,"href":"https:\/\/vinasfm.com\/noticias\/wp-json\/wp\/v2\/posts\/108837\/revisions\/108886"}],"wp:featuredmedia":[{"embeddable":true,"href":"https:\/\/vinasfm.com\/noticias\/wp-json\/wp\/v2\/media\/108839"}],"wp:attachment":[{"href":"https:\/\/vinasfm.com\/noticias\/wp-json\/wp\/v2\/media?parent=108837"}],"wp:term":[{"taxonomy":"category","embeddable":true,"href":"https:\/\/vinasfm.com\/noticias\/wp-json\/wp\/v2\/categories?post=108837"},{"taxonomy":"post_tag","embeddable":true,"href":"https:\/\/vinasfm.com\/noticias\/wp-json\/wp\/v2\/tags?post=108837"}],"curies":[{"name":"wp","href":"https:\/\/api.w.org\/{rel}","templated":true}]}}