{"id":108795,"date":"2022-05-20T23:59:10","date_gmt":"2022-05-21T02:59:10","guid":{"rendered":"http:\/\/vinasfm.com\/noticias\/?p=108795"},"modified":"2022-05-21T10:27:19","modified_gmt":"2022-05-21T13:27:19","slug":"justicia-por-mano-propia-robaron-en-la-libreria-de-su-hija-fue-a-buscar-a-los-delincuentes-y-recupero-parte-de-lo-sustraido","status":"publish","type":"post","link":"https:\/\/vinasfm.com\/noticias\/justicia-por-mano-propia-robaron-en-la-libreria-de-su-hija-fue-a-buscar-a-los-delincuentes-y-recupero-parte-de-lo-sustraido\/","title":{"rendered":"JUSTICIA POR MANO PROPIA: ROBARON EN LA LIBRER\u00cdA DE SU HIJA, FUE A BUSCAR A LOS DELINCUENTES Y RECUPER\u00d3 PARTE DE LO SUSTRA\u00cdDO"},"content":{"rendered":"<h4><span style=\"color: #000000;\"><strong>Durante la madrugada del pasado mi\u00e9rcoles, delincuentes ingresaron a una librer\u00eda ubicada en la esquina de calles Alberdi y Mendoza para sustraer mercader\u00eda y una netbook. Silvia, vecina del B\u00b0 San Carlos y madre de la due\u00f1a del local comercial, fue a buscar a los malvivientes y logr\u00f3 recuperar por su cuenta parte de lo sustra\u00eddo.<\/strong><\/span><\/h4>\n<p><span style=\"color: #000000;\"><span style=\"color: #000000;\">Seg\u00fan se\u00f1al\u00f3 la vecina en di\u00e1logo con <\/span><strong style=\"color: #000000;\">F.M. VI\u00d1AS<\/strong><span style=\"color: #000000;\"> a ella le avisaron a primera hora de la ma\u00f1ana del mi\u00e9rcoles que la puerta del local conocido como &#8216;<\/span><em><span style=\"color: #000000;\"><b>Librer\u00eda<\/b><\/span><b style=\"color: #000000;\"> San Carlos<\/b><\/em><span style=\"color: #000000;\">&#8216; hab\u00eda sido forzada &#8216;<\/span><strong style=\"color: #000000;\"><em>por lo llegu\u00e9 a la librer\u00eda de mi hija y la v\u00ed llorando de impotencia porque le hab\u00edan robado una netbook, bijuoterie y otros elementos que rondaban en plata los $100 mil<\/em><\/strong><span style=\"color: #000000;\">&#8216;.\u00a0<\/span><\/span><\/p>\n<p><span style=\"color: #000000;\">&#8216;<strong><em>Con mucha bronca lo primero que intent\u00e9 fue ir a buscar a estos chorros porque ya ten\u00eda alg\u00fan dato sobre quienes habr\u00edan sido. Le pregunt\u00e9 a un polic\u00eda si me pod\u00eda acompa\u00f1ar a recuperar estos elementos y me dijo que no pod\u00eda porque primero ten\u00eda que hacer la denuncia por lo que luego de hacerlo me fu\u00ed a la casa donde viven quienes hab\u00edan entrado al local<\/em><\/strong>&#8216;, rese\u00f1\u00f3 Silvia.<\/span><\/p>\n<p><span style=\"color: #000000;\">Cerca de las 11hs del mismo d\u00eda, la mujer camin\u00f3 dos cuadras desde la librer\u00eda hasta el domicilio donde estaban los sospechosos e ingres\u00f3 a la vivienda encontrando durmiendo a ambos delincuentes: &#8216;<strong><em>Entr\u00e9 y los despert\u00e9, le puse el pie encima a uno y le exig\u00ed que me entregara las cosas. \u00c9l me dec\u00eda que hab\u00eda robado una compu chiquita pero que no era la nuestra por lo que insist\u00ed hasta que una de las chicas que me acompa\u00f1\u00f3 busc\u00f3 y la encontr\u00f3 y era la que le hab\u00eda robado a mi hija<\/em><\/strong>&#8216;, agreg\u00f3.<\/span><\/p>\n<p><span style=\"color: #000000;\">Indignada, subray\u00f3: &#8216;<strong><em>Estos chorros, que son los mismos de siempre, son unos caraduras que rompen los sue\u00f1os de la gente que quiere trabajar y emprender y en mi caso no iba a esperar a que la Justicia hiciera algo. Se que no es recomendable lo que hice pero estamos cansados de que nunca se haga algo y va a pasar que alguien al que le roben se le va a ir la mano y se va a desgraciar en estas lacras<\/em><\/strong>&#8216;.<\/span><\/p>\n<p><span style=\"color: #000000;\">Finalmente consider\u00f3 que &#8216;<strong><em>tienen que cambiar las leyes porque la polic\u00eda no puede hacer nada si la Justicia no autoriza y sabemos que se basan en las leyes que hay<\/em><\/strong>&#8216;, y concluy\u00f3: &#8216;<strong><em>No puede ser que dos o tres rateros vayan contra el laburo de la gente y est\u00e9n libres porque ya tienen causas y andan por la calle como si nada<\/em><\/strong>&#8216;.<\/span><\/p>\n","protected":false},"excerpt":{"rendered":"<p>Durante la madrugada del pasado mi\u00e9rcoles, delincuentes ingresaron a una librer\u00eda ubicada en la esquina de calles Alberdi y Mendoza para &#8230;<\/p>\n","protected":false},"author":8,"featured_media":101629,"comment_status":"open","ping_status":"open","sticky":false,"template":"","format":"standard","meta":{"footnotes":""},"categories":[5,4],"tags":[],"class_list":["post-108795","post","type-post","status-publish","format-standard","has-post-thumbnail","hentry","category-actualidad","category-policiales"],"_links":{"self":[{"href":"https:\/\/vinasfm.com\/noticias\/wp-json\/wp\/v2\/posts\/108795","targetHints":{"allow":["GET"]}}],"collection":[{"href":"https:\/\/vinasfm.com\/noticias\/wp-json\/wp\/v2\/posts"}],"about":[{"href":"https:\/\/vinasfm.com\/noticias\/wp-json\/wp\/v2\/types\/post"}],"author":[{"embeddable":true,"href":"https:\/\/vinasfm.com\/noticias\/wp-json\/wp\/v2\/users\/8"}],"replies":[{"embeddable":true,"href":"https:\/\/vinasfm.com\/noticias\/wp-json\/wp\/v2\/comments?post=108795"}],"version-history":[{"count":2,"href":"https:\/\/vinasfm.com\/noticias\/wp-json\/wp\/v2\/posts\/108795\/revisions"}],"predecessor-version":[{"id":108836,"href":"https:\/\/vinasfm.com\/noticias\/wp-json\/wp\/v2\/posts\/108795\/revisions\/108836"}],"wp:featuredmedia":[{"embeddable":true,"href":"https:\/\/vinasfm.com\/noticias\/wp-json\/wp\/v2\/media\/101629"}],"wp:attachment":[{"href":"https:\/\/vinasfm.com\/noticias\/wp-json\/wp\/v2\/media?parent=108795"}],"wp:term":[{"taxonomy":"category","embeddable":true,"href":"https:\/\/vinasfm.com\/noticias\/wp-json\/wp\/v2\/categories?post=108795"},{"taxonomy":"post_tag","embeddable":true,"href":"https:\/\/vinasfm.com\/noticias\/wp-json\/wp\/v2\/tags?post=108795"}],"curies":[{"name":"wp","href":"https:\/\/api.w.org\/{rel}","templated":true}]}}